{"id":78890,"date":"2020-03-12T15:28:00","date_gmt":"2020-03-12T19:28:00","guid":{"rendered":"https:\/\/linitiative.ca\/International\/coronavirus-le-ministre-iranien-des-ae-lance-un-appel-pressant-a-la-communaute-internationale-aidez-nous-a-lutter-contre-lepidemie\/"},"modified":"2020-03-12T15:28:00","modified_gmt":"2020-03-12T19:28:00","slug":"coronavirus-le-ministre-iranien-des-ae-lance-un-appel-pressant-a-la-communaute-internationale-aidez-nous-a-lutter-contre-lepidemie","status":"publish","type":"post","link":"https:\/\/linitiative.ca\/International\/coronavirus-le-ministre-iranien-des-ae-lance-un-appel-pressant-a-la-communaute-internationale-aidez-nous-a-lutter-contre-lepidemie\/","title":{"rendered":"Coronavirus: Le ministre iranien des AE lance un appel pressant \u00e0 la communaut\u00e9 internationale ; \u00abAidez-nous \u00e0 lutter contre l&rsquo;\u00e9pid\u00e9mie"},"content":{"rendered":"<p>Le ministre iranien des Affaires \u00e9trang\u00e8res Mohamed Jawad Zarif a lanc\u00e9 jeudi sur les r\u00e9seaux sociaux un appel pressant \u00e0 la communaut\u00e9 internationale\u00a0 pour aider son pays \u00e0 endiguer le coronavirus en lui livrant des masques et des \u00e9quipements de protection individuelle pour le personnel soignant. Il y a quelques jours, le pr\u00e9sident am\u00e9ricain Donald Trump s\u2019est dit pr\u00eat \u00e0 aider l\u2019Iran \u00ab \u00e0 condition qu\u2019elle en fasse la demande. Une offre rejet\u00e9e aussit\u00f4t par les Iraniens.<\/p>\n<p>Au 12 mars, 10075 personnes ont \u00e9t\u00e9 contamin\u00e9s alors que le nombre de morts est de 345.<\/p>\n<p class=\"c2\">\u00a0<\/p>\n<p>Auteur:<br \/>\n<a href=\"https:\/\/www.leaders.com.tn\/article\/29344-coronavirus-le-ministre-iranien-des-ae-lance-un-appel-pressant-a-la-communaute-internationale-aidez-nous-a-lutter-contre-l-epidemie-album-photos\">Cliquez ici pour lire l&rsquo;article depuis sa source.<\/a><\/p>\n","protected":false},"excerpt":{"rendered":"<p>Le ministre iranien des Affaires \u00e9trang\u00e8res Mohamed Jawad Zarif a lanc\u00e9 jeudi sur les r\u00e9seaux sociaux un appel pressant \u00e0 la communaut\u00e9 internationale\u00a0 pour aider son pays \u00e0 endiguer le coronavirus en lui livrant des masques et des \u00e9quipements de protection individuelle pour le personnel soignant. Il y a quelques jours, le pr\u00e9sident am\u00e9ricain Donald [&hellip;]<\/p>\n","protected":false},"author":1772,"featured_media":0,"comment_status":"closed","ping_status":"closed","sticky":false,"template":"","format":"standard","meta":{"fifu_image_url":"","fifu_image_alt":"","footnotes":""},"categories":[73,55],"tags":[],"class_list":["post-78890","post","type-post","status-publish","format-standard","hentry","category-actualite","category-tunisie"],"_links":{"self":[{"href":"https:\/\/linitiative.ca\/International\/wp-json\/wp\/v2\/posts\/78890","targetHints":{"allow":["GET"]}}],"collection":[{"href":"https:\/\/linitiative.ca\/International\/wp-json\/wp\/v2\/posts"}],"about":[{"href":"https:\/\/linitiative.ca\/International\/wp-json\/wp\/v2\/types\/post"}],"author":[{"embeddable":true,"href":"https:\/\/linitiative.ca\/International\/wp-json\/wp\/v2\/users\/1772"}],"replies":[{"embeddable":true,"href":"https:\/\/linitiative.ca\/International\/wp-json\/wp\/v2\/comments?post=78890"}],"version-history":[{"count":0,"href":"https:\/\/linitiative.ca\/International\/wp-json\/wp\/v2\/posts\/78890\/revisions"}],"wp:attachment":[{"href":"https:\/\/linitiative.ca\/International\/wp-json\/wp\/v2\/media?parent=78890"}],"wp:term":[{"taxonomy":"category","embeddable":true,"href":"https:\/\/linitiative.ca\/International\/wp-json\/wp\/v2\/categories?post=78890"},{"taxonomy":"post_tag","embeddable":true,"href":"https:\/\/linitiative.ca\/International\/wp-json\/wp\/v2\/tags?post=78890"}],"curies":[{"name":"wp","href":"https:\/\/api.w.org\/{rel}","templated":true}]}}