{"id":78891,"date":"2020-03-12T15:31:00","date_gmt":"2020-03-12T19:31:00","guid":{"rendered":"https:\/\/linitiative.ca\/International\/riadh-zghal-questions-a-mansour-moalla-au-sujet-de-son-livre-sortie-de-crise\/"},"modified":"2020-03-12T15:31:00","modified_gmt":"2020-03-12T19:31:00","slug":"riadh-zghal-questions-a-mansour-moalla-au-sujet-de-son-livre-sortie-de-crise","status":"publish","type":"post","link":"https:\/\/linitiative.ca\/International\/riadh-zghal-questions-a-mansour-moalla-au-sujet-de-son-livre-sortie-de-crise\/","title":{"rendered":"Riadh Zghal: Questions \u00e0 Mansour Moalla au sujet de son livre \u00ab Sortie de crise \u00bb"},"content":{"rendered":"<p>J\u2019aimerais tout d\u2019abord poser ces questions \u00e0 si Mansour:<\/p>\n<p class=\"c3\"><span class=\"c2\"><strong><span class=\"c2\"><strong><img decoding=\"async\" src=\"\/uploads\/FCK_files\/Riadh-Zeghal(3).jpg\" alt=\"\" width=\"30%\" vspace=\"5\" hspace=\"5\" align=\"right\"\/><\/strong><\/span>\u2022<\/strong><\/span> Vous utilisez souvent le mot courage dans vos articles. On peut en d\u00e9duire que des forces adverses s\u2019opposent \u00e0 la prise des bonnes d\u00e9cisions. Quelles sont aujourd\u2019hui ces forces adverses ? Sont-elles ma\u00eetrisables ?<\/p>\n<p class=\"c3\"><span class=\"c2\"><strong>\u2022<\/strong><\/span> Que pensez-vous de l\u2019absence de leadership encadrant le mouvement de r\u00e9volte de 2011 et la p\u00e9riode de transition que l\u2019on vit depuis?<\/p>\n<p class=\"c3\"><span class=\"c2\"><strong>\u2022<\/strong><\/span> \u00ab on s\u2019est pr\u00e9occup\u00e9 de politique \u00bb \u00e9crivez-vous, mais ne pensez-vous pas que c\u2019est une approche juridique qui a plut\u00f4t domin\u00e9, que la pr\u00e9occupation par les formes politiques dans l\u2019ignorance des forces politiques en pr\u00e9sence qui est \u00e0 l\u2019origine de la crise \u00e9conomique et sociale qui dure en s\u2019aggravant?<\/p>\n<p class=\"c3\"><span class=\"c2\"><strong>\u2022<\/strong><\/span> Apr\u00e8s le juridisme dont le paradigme fallacieux qui consiste \u00e0 croire que \u00ab l\u2019on peut changer la soci\u00e9t\u00e9 par d\u00e9cret \u00bb, voil\u00e0 que se profile \u00e0 l\u2019horizon une vague d\u2019\u00e9conomisme. Cela peut-il r\u00e9ussir \u00e0 endiguer la crise au moment o\u00f9 la soci\u00e9t\u00e9 et les partis sont en effervescence, aux prises avec leurs conflictualit\u00e9s, sans pouvoir d\u00e9passer les ranc\u0153urs tues durant des d\u00e9cennies ni apprivoiser les \u00e9gos d\u00e9mesur\u00e9s des acteurs politiques et faire pr\u00e9valoir le commun dans l\u2019action politique?<\/p>\n<p class=\"c3\"><span class=\"c2\"><strong>\u2022<\/strong><\/span> Comment, \u00e0 votre avis, attaquer, aujourd\u2019hui, conjointement les probl\u00e8mes d\u2019ordre institutionnel, \u00e9conomique en tenant compte de la complexit\u00e9 du paysage sociologique?<\/p>\n<p class=\"c4\"><iframe loading=\"lazy\" src=\"https:\/\/www.youtube.com\/embed\/OIKb6ZZTDTs\" allow=\"accelerometer; autoplay; encrypted-media; gyroscope; picture-in-picture\" allowfullscreen=\"\" width=\"560\" height=\"315\" frameborder=\"0\">[embedded content]<\/iframe><\/p>\n<p>La lecture de votre livre \u00ab Sortie de crise et union nationale. Pourquoi et comment ? \u00bb m\u2019a motiv\u00e9e \u00e0 revenir \u00e0 votre pr\u00e9c\u00e9dent livre \u00ab De l\u2019ind\u00e9pendance \u00e0 la r\u00e9volution. Syst\u00e8me politique et d\u00e9veloppement \u00e9conomique \u00bb. Ce que je constate c\u2019est que votre approche, sans que vous la nommiez express\u00e9ment, est une approche syst\u00e9mique car, en abordant les questions de d\u00e9veloppement, ou en relatant votre illustre trajectoire, vous associez l\u2019\u00e9conomique, au politique, au culturel et au philosophique dans sa dimension \u00e9thique. J\u2019aimerais ici relever quelques uns de vos propos dans ce livre :<\/p>\n<p class=\"c3\"><span class=\"c2\"><strong>\u2022<\/strong><\/span> Le r\u00e9gionalisme : \u00ab je d\u00e9testais le r\u00e9gionalisme exacerb\u00e9\u2026 Les Sfaxiens dont j\u2019\u00e9tais \u00e9taient tol\u00e9r\u00e9s, les gens du Sud et de l\u2019Ouest le \u00ab quart monde \u00bb tunisien, \u00e9taient ignor\u00e9s ou presque \u00bb pp. 235 et 323<\/p>\n<p class=\"c3\"><span class=\"c2\"><strong>\u2022<\/strong><\/span> Le d\u00e9veloppement rural : \u00ab de 1973 \u00e0 1981 cr\u00e9ation ou am\u00e9lioration de 133.000 emplois gr\u00e2ce au PDR \u00bb p. 226<\/p>\n<p class=\"c3\"><span class=\"c2\"><strong>\u2022<\/strong><\/span> La reconnaissance : \u00ab Il est vrai que \u00ab se souvenir \u00bb et respecter la m\u00e9moire des anciens n\u2019est ni dans les m\u0153urs ni dans la tradition tunisiennes. On ne cultive pas le sentiment de reconnaissance. Le r\u00e9flexe le plus fr\u00e9quent est plut\u00f4t d\u2019effacer le pass\u00e9 pour se mettre en valeur, surtout lorsqu\u2019on n\u2019en a gu\u00e8re ou peu. C\u2019est vrai dans le pays, dans les entreprises, dans les familles. \u00bb p.322<\/p>\n<p class=\"c3\"><span class=\"c2\"><strong>\u2022<\/strong><\/span> La cr\u00e9ation de l\u2019IACE : \u00ab Je venais de sortir d\u2019une p\u00e9riode politique tumultueuse et je connais la puissance destructrice de la politique dite politicienne. Il fallait \u00e0 tout prix \u00e9loigner le plus possible le futur institut de toute agitation. \u00bb p. 345<\/p>\n<p class=\"c3\"><span class=\"c2\"><strong>\u2022<\/strong><\/span> L\u2019obligation de d\u00e9missionner : (21 mai 1993) \u00ab Je suis ainsi d\u00e9pouill\u00e9 de tout. Je dois dire que j\u2019ai tenu le coup au milieu de cette temp\u00eate. Je n\u2019\u00e9tais pas particuli\u00e8rement triste, quelque peu \u00e9mu et c\u2019est normal. Je n\u2019aurai pas en tout cas de d\u00e9pression nerveuse, par orgueil peut-\u00eatre, en me disant que ma libert\u00e9 et mon ind\u00e9pendance valent plus et mieux que toutes les fonctions dont on vient de me d\u00e9lester. \u00bb p. 356<\/p>\n<p class=\"c3\"><span class=\"c2\"><strong>\u2022<\/strong><\/span> L\u2019ind\u00e9pendance : \u00ab On me reproche d\u2019avoir fait publier par les \u00e9ditions Cer\u00e8s\u00a0 ma th\u00e8se de Doctorat en droit sur \u00ab L\u2019Etat tunisien et l\u2019Ind\u00e9pendance \u00bb \u2026 o\u00f9 je d\u00e9montrai, contrairement \u00e0 la doctrine soutenue par beaucoup que l\u2019Etat tunisien et l\u2019ind\u00e9pendance n\u2019ont exist\u00e9 que depuis la fin du protectorat fran\u00e7ais en 1956, que la Tunisie au contraire a su pr\u00e9server son ind\u00e9pendance depuis la lutte h\u00e9ro\u00efque de Carthage contre l\u2019imp\u00e9rialisme romain et que la fin du protectorat n\u2019est qu\u2019une des restaurations multiples de l\u2019ind\u00e9pendance durant le trois mill\u00e9naires contre Rome puis contre Damas, Baghdad, Le Caire, Marrakech, les Espagnols, les Turcs\u2026pour reconstituer chaque fois un Etat ind\u00e9pendant, aghlabide, fatimide, ziride, hafside, husseinite et r\u00e9publicain. \u00bb p.357-358<\/p>\n<p>Ce sont des passages que j\u2019avais marqu\u00e9s en lisant votre livre d\u00e8s sa parution.<\/p>\n<p>Merci si Mansour pour tout ce que vous avez fait pour notre pays, merci de toutes les institutions que vous avez cr\u00e9\u00e9es, merci de votre sensibilit\u00e9 pour le monde rural qui nous nourrit\u00a0 et la politique\u00a0 que vous avez initi\u00e9e en sa faveur, merci de vos analyses et recommandations si pertinentes pour ceux qui les \u00e9coutent, merci d\u2019avoir consign\u00e9 et partag\u00e9 votre riche exp\u00e9rience avec le grand public\u00a0 et bien d\u2019autres choses encore\u2026<\/p>\n<p class=\"c5\"><strong>Riadh Zghal<\/strong><\/p>\n<p class=\"c6\"><strong>Lire aussi<\/strong><\/p>\n<p class=\"c6\"><a href=\"https:\/\/www.leaders.com.tn\/article\/29228-mansour-moalla-celebre-pour-son-oeuvre-et-la-pertinence-de-ses-analyses-visionnaires-album-photos\" target=\"_blank\" rel=\"noopener noreferrer\">Mansour Moalla c\u00e9l\u00e9br\u00e9 pour son \u0153uvre et la pertinence de ses analyses visionnaires (Album Photos et Vid\u00e9o)<\/a><\/p>\n<p class=\"c6\"><a href=\"https:\/\/www.leaders.com.tn\/article\/29225-mohamed-ennaceur-appelle-a-une-conference-nationale-elargie-pour-sceller-une-veritable-union-nationale-sur-des-programmes-consensuels\" target=\"_blank\" rel=\"noopener noreferrer\">Mohamed Ennaceur appelle \u00e0 une conf\u00e9rence nationale \u00e9largie pour sceller une v\u00e9ritable union nationale sur des programmes consensuels (Album Photos et audio)<\/a><br \/>\u00a0<\/p>\n<p>Auteur:<br \/>\n<a href=\"https:\/\/www.leaders.com.tn\/article\/29345-riadh-zghal-questions-a-mansour-moalla-au-sujet-de-son-livre-sortie-de-crise\">Cliquez ici pour lire l&rsquo;article depuis sa source.<\/a><\/p>\n","protected":false},"excerpt":{"rendered":"<p>J\u2019aimerais tout d\u2019abord poser ces questions \u00e0 si Mansour: \u2022 Vous utilisez souvent le mot courage dans vos articles. On peut en d\u00e9duire que des forces adverses s\u2019opposent \u00e0 la prise des bonnes d\u00e9cisions. Quelles sont aujourd\u2019hui ces forces adverses ? Sont-elles ma\u00eetrisables ? \u2022 Que pensez-vous de l\u2019absence de leadership encadrant le mouvement de [&hellip;]<\/p>\n","protected":false},"author":1772,"featured_media":78892,"comment_status":"closed","ping_status":"closed","sticky":false,"template":"","format":"standard","meta":{"fifu_image_url":"","fifu_image_alt":"","footnotes":""},"categories":[73,55],"tags":[],"class_list":["post-78891","post","type-post","status-publish","format-standard","has-post-thumbnail","hentry","category-actualite","category-tunisie"],"_links":{"self":[{"href":"https:\/\/linitiative.ca\/International\/wp-json\/wp\/v2\/posts\/78891","targetHints":{"allow":["GET"]}}],"collection":[{"href":"https:\/\/linitiative.ca\/International\/wp-json\/wp\/v2\/posts"}],"about":[{"href":"https:\/\/linitiative.ca\/International\/wp-json\/wp\/v2\/types\/post"}],"author":[{"embeddable":true,"href":"https:\/\/linitiative.ca\/International\/wp-json\/wp\/v2\/users\/1772"}],"replies":[{"embeddable":true,"href":"https:\/\/linitiative.ca\/International\/wp-json\/wp\/v2\/comments?post=78891"}],"version-history":[{"count":0,"href":"https:\/\/linitiative.ca\/International\/wp-json\/wp\/v2\/posts\/78891\/revisions"}],"wp:featuredmedia":[{"embeddable":true,"href":"https:\/\/linitiative.ca\/International\/wp-json\/"}],"wp:attachment":[{"href":"https:\/\/linitiative.ca\/International\/wp-json\/wp\/v2\/media?parent=78891"}],"wp:term":[{"taxonomy":"category","embeddable":true,"href":"https:\/\/linitiative.ca\/International\/wp-json\/wp\/v2\/categories?post=78891"},{"taxonomy":"post_tag","embeddable":true,"href":"https:\/\/linitiative.ca\/International\/wp-json\/wp\/v2\/tags?post=78891"}],"curies":[{"name":"wp","href":"https:\/\/api.w.org\/{rel}","templated":true}]}}