{"id":78894,"date":"2020-03-12T06:00:00","date_gmt":"2020-03-12T10:00:00","guid":{"rendered":"https:\/\/linitiative.ca\/International\/des-lectures-savantes-du-sens-des-vents-sur-les-tourelles-et-de-la-faim\/"},"modified":"2020-03-12T06:00:00","modified_gmt":"2020-03-12T10:00:00","slug":"des-lectures-savantes-du-sens-des-vents-sur-les-tourelles-et-de-la-faim","status":"publish","type":"post","link":"https:\/\/linitiative.ca\/International\/des-lectures-savantes-du-sens-des-vents-sur-les-tourelles-et-de-la-faim\/","title":{"rendered":"Des lectures savantes du sens des vents sur les tourelles et de la faim !"},"content":{"rendered":"<p class=\"c3\">Chez nous, aucun cas de coronavirus infect\u00e9 par un\u2026<\/p>\n<p class=\"c3\"><strong>\u2026 politique !<\/strong><\/p>\n<p class=\"c3\">Allah ghaleb ! Je suis dans l\u2019incapacit\u00e9 intellectuelle de te vendre ici une explication pointue, une signification et un d\u00e9codage \u00ab savant \u00bb des derniers mouvements et nominations au sein de l\u2019arm\u00e9e. \u00c7a d\u00e9passe mes capacit\u00e9s de lecture et d\u2019interpr\u00e9tation des grilles kaki et des positions de force et de faiblesse des uns et des autres. Il y en a qui peuvent le faire. Qui sont dot\u00e9s d\u2019un don inn\u00e9 de le faire. Qui ont d\u00fb \u00eatre asperg\u00e9s dans leur berceau, \u00e0 leur naissance, par une eau magique qui leur conf\u00e8re ce pouvoir inou\u00ef de pouvoir te dire, avec un aplomb blind\u00e9 de plusieurs centim\u00e8tres, que si tel g\u00e9n\u00e9ral a \u00e9t\u00e9 nomm\u00e9 l\u00e0, cela veut dire que tel clan a perdu quelques centim\u00e8tres carr\u00e9s dans le champ de bataille qui l\u2019oppose \u00e0 tel autre clan. Attention, je ne ricane pas ! Ces gens existent. J\u2019en connais quelques-uns qui peuvent, les yeux ferm\u00e9s, te r\u00e9citer la g\u00e9ostrat\u00e9gie des rapports de force du pays \u00e0 travers le mouvement des chaises musicales dans les casernes. Moi, j\u2019sais pas faire ! Compl\u00e8tement analphab\u00e8te en la mati\u00e8re. Je dois m\u00eame t\u2019avouer que je m\u2019en fous un peu de qui a \u00e9t\u00e9 nomm\u00e9 \u00e0 la t\u00eate du corps d\u2019arm\u00e9e X ou Y, et de qui a \u00e9t\u00e9 propuls\u00e9 en haut d\u2019une tourelle de char, avec vue panoramique sur toutes les r\u00e9gions du pays. Par contre, y a d\u2019autres choses que je sais faire plus ou moins bien. Je peux, par exemple, et sans m\u00eame avoir recours \u00e0 une boule de cristal, anticiper sur les gargouillis de ton estomac. Traduire en notes stridentes les glouglous de ta panse vide. Tu vas avoir faim ! La faim de ta race qui tue ! Tu vas suer du pancr\u00e9as et s\u00e9cr\u00e9ter des parois intestinales tellement tu vas crever la dalle. En termes de faim, voire de famine, disons que si rien n\u2019est fait urgemment, vous pourriez tr\u00e8s vite, toi et pr\u00e8s de 40 millions d\u2019autres affam\u00e9s en guenilles vous retrouver propuls\u00e9s g\u00e9n\u00e9raux-majors d\u2019une arm\u00e9e de crevards. \u00c7a oui ! Je peux te le dire. Et je te le dis le lendemain d\u2019un truc vachement \u00e9trange et qui me turlupine ce matin encore : le premier ministre Djerad a proc\u00e9d\u00e9 lundi dernier \u00e0 l\u2019installation du nouveau pr\u00e9sident du Cnes, le Conseil \u00e9conomique et social, instance sans patron depuis le d\u00e9c\u00e8s de Mohamed-Seghir Babes le 7 mars\u2026 2017. Un Cnes sans chef pendant plus de 3 ans !!! \u00c7a te donne une id\u00e9e de l\u2019int\u00e9r\u00eat que portent nos dirigeants aux questions \u00e9conomiques. Et \u00e7a fait \u00e9chos, terriblement \u00e9chos au vacarme anticip\u00e9 de ton estomac ! Voil\u00e0 ! Mes dons de voyance s\u2019arr\u00eatent l\u00e0, aux portes d\u00e9j\u00e0 hurlantes des pitances incertaines. Je fume du th\u00e9 et je reste \u00e9veill\u00e9, le cauchemar continue.<br \/><em><strong>H. L.<\/strong><\/em><\/p>\n<p>Auteur:<br \/>\n<a href=\"https:\/\/www.lesoirdalgerie.com\/pousse-avec-eux\/des-lectures-savantes-du-sens-des-vents-sur-les-tourelles-et-de-la-faim-40081\">Cliquez ici pour lire l&rsquo;article depuis sa source.<\/a><\/p>\n","protected":false},"excerpt":{"rendered":"<p>Chez nous, aucun cas de coronavirus infect\u00e9 par un\u2026 \u2026 politique ! Allah ghaleb ! Je suis dans l\u2019incapacit\u00e9 intellectuelle de te vendre ici une explication pointue, une signification et un d\u00e9codage \u00ab savant \u00bb des derniers mouvements et nominations au sein de l\u2019arm\u00e9e. \u00c7a d\u00e9passe mes capacit\u00e9s de lecture et d\u2019interpr\u00e9tation des grilles kaki [&hellip;]<\/p>\n","protected":false},"author":1741,"featured_media":0,"comment_status":"closed","ping_status":"closed","sticky":false,"template":"","format":"standard","meta":{"fifu_image_url":"","fifu_image_alt":"","footnotes":""},"categories":[73,53],"tags":[],"class_list":["post-78894","post","type-post","status-publish","format-standard","hentry","category-actualite","category-algerie"],"_links":{"self":[{"href":"https:\/\/linitiative.ca\/International\/wp-json\/wp\/v2\/posts\/78894","targetHints":{"allow":["GET"]}}],"collection":[{"href":"https:\/\/linitiative.ca\/International\/wp-json\/wp\/v2\/posts"}],"about":[{"href":"https:\/\/linitiative.ca\/International\/wp-json\/wp\/v2\/types\/post"}],"author":[{"embeddable":true,"href":"https:\/\/linitiative.ca\/International\/wp-json\/wp\/v2\/users\/1741"}],"replies":[{"embeddable":true,"href":"https:\/\/linitiative.ca\/International\/wp-json\/wp\/v2\/comments?post=78894"}],"version-history":[{"count":0,"href":"https:\/\/linitiative.ca\/International\/wp-json\/wp\/v2\/posts\/78894\/revisions"}],"wp:attachment":[{"href":"https:\/\/linitiative.ca\/International\/wp-json\/wp\/v2\/media?parent=78894"}],"wp:term":[{"taxonomy":"category","embeddable":true,"href":"https:\/\/linitiative.ca\/International\/wp-json\/wp\/v2\/categories?post=78894"},{"taxonomy":"post_tag","embeddable":true,"href":"https:\/\/linitiative.ca\/International\/wp-json\/wp\/v2\/tags?post=78894"}],"curies":[{"name":"wp","href":"https:\/\/api.w.org\/{rel}","templated":true}]}}