{"id":78896,"date":"2020-03-12T09:50:21","date_gmt":"2020-03-12T13:50:21","guid":{"rendered":"https:\/\/linitiative.ca\/International\/femmes-en-entreprises-yasmina-benchekroun\/"},"modified":"2020-03-12T09:50:21","modified_gmt":"2020-03-12T13:50:21","slug":"femmes-en-entreprises-yasmina-benchekroun","status":"publish","type":"post","link":"https:\/\/linitiative.ca\/International\/femmes-en-entreprises-yasmina-benchekroun\/","title":{"rendered":"Femmes en entreprises : Yasmina  Benchekroun"},"content":{"rendered":"<p><strong>Des profils vari\u00e9s de 60 cavali\u00e8res de l\u2019\u00e9galit\u00e9, soigneusement s\u00e9lectionn\u00e9es par Challenge dans son dossier sp\u00e9cial journ\u00e9e de la femme. Yasmina Benchekroun fait partie de ces femmes au parcours exceptionnel et une carri\u00e8re entrepreneuriale r\u00e9ussie.<\/strong><\/p>\n<div class=\"c10\"\/>\n<p>A\u00a0seulement 27 ans, elle est d\u00e9j\u00e0 \u00e0 la t\u00eate de la filiale marocaine d\u2019une multinationale britannique. <strong>Yasmina Benchekroun<\/strong> est en effet directrice g\u00e9n\u00e9rale de Abergower Maroc. Sa maison-m\u00e8re, Abergower, op\u00e8re sur le march\u00e9 international depuis une vingtaine d\u2019ann\u00e9es et est sp\u00e9cialis\u00e9e dans la digitalisation, la d\u00e9mat\u00e9rialisation, et l\u2019archivage num\u00e9rique. Son ambition : encourager les entreprises \u00e0 aller d\u00e9finitivement vers le z\u00e9ro papier.<\/p>\n<p>La filiale marocaine a vu le jour en mars 2018. \u00ab Initialement, nous pensions plut\u00f4t int\u00e9grer le Canada, et non le Maroc. Mais, nous nous sommes rendu compte que c\u2019est bien au Maroc qu\u2019il y a un vrai besoin en mati\u00e8re de <strong>digitalisation<\/strong>, et c\u2019est bien la raison pour laquelle nous avons chang\u00e9 d\u2019avis \u00bb, confie Yasmina Benchekroun. L\u2019entreprise propose en effet ses solutions aux TPE, PME, et grandes entreprises. Mais, hormis ces derni\u00e8res, les deux autres cat\u00e9gories (PME et TPE) n\u2019ont pas encore saisi l\u2019enjeu, mais la jeune DG ne baisse pas les bras. Apr\u00e8s un an et quelques mois d\u2019existence dans le Royaume, la multinationale britannique, gr\u00e2ce \u00e0 sa strat\u00e9gie de d\u00e9veloppement bien peaufin\u00e9e, compte d\u00e9j\u00e0 des clients dans plusieurs villes (Casablanca, Rabat, Tanger\u2026). Son BAC en Math\u00e9matiques en poche, Yasmina d\u00e9cide de poursuivre ses \u00e9tudes sup\u00e9rieures en informatique de gestion en France. Elle enchaine par la suite avec une sp\u00e9cialisation en Commerce international et en Management des entreprises. Elle d\u00e9cide, de 2014 \u00e0 2015, de rejoindre l\u2019entreprise Young and Rubicam en tant que Marketing executive.<\/p>\n<p>Apr\u00e8s cette exp\u00e9rience, elle rejoint en 2016 la Chambre de commerce britannique au Maroc en tant que business development executive pour accompagner les entreprises britanniques \u00e0 int\u00e9grer le march\u00e9 marocain. Une exp\u00e9rience qui a beaucoup marqu\u00e9 la jeune directrice g\u00e9n\u00e9rale. Aujourd\u2019hui, Yasmina Benchekroun est totalement focalis\u00e9e sur le d\u00e9veloppement d\u2019<strong>Abergower<\/strong> au Maroc et en Afrique dans les ann\u00e9es \u00e0 venir.<\/p>\n<p><img decoding=\"async\" src=\"https:\/\/www.challenge.ma\/wp-content\/uploads\/2020\/03\/1-Couverture-733--786x1024.jpg\" alt=\"\" class=\"wp-image-131513\" srcset=\"https:\/\/www.challenge.ma\/wp-content\/uploads\/2020\/03\/1-Couverture-733--786x1024.jpg 786w, https:\/\/www.challenge.ma\/wp-content\/uploads\/2020\/03\/1-Couverture-733--230x300.jpg 230w, https:\/\/www.challenge.ma\/wp-content\/uploads\/2020\/03\/1-Couverture-733--768x1000.jpg 768w, https:\/\/www.challenge.ma\/wp-content\/uploads\/2020\/03\/1-Couverture-733--360x469.jpg 360w, https:\/\/www.challenge.ma\/wp-content\/uploads\/2020\/03\/1-Couverture-733--750x977.jpg 750w, https:\/\/www.challenge.ma\/wp-content\/uploads\/2020\/03\/1-Couverture-733-.jpg 1536w\" sizes=\"(max-width: 786px) 100vw, 786px\"\/><\/p>\n<div class=\"c17\">\n<fieldset class=\"c16\">\n<legend><strong><span class=\"c11\">Challenge<\/span><span class=\"c12\">news<\/span><\/strong><\/legend>\n<div class=\"c15\">Le meilleur de Challenge s\u00e9lectionn\u00e9 par la r\u00e9daction :<\/p>\n<\/div>\n<\/fieldset>\n<\/div>\n<p>Auteur: challenge<br \/>\n<a href=\"https:\/\/www.challenge.ma\/femmes-en-entreprises-yasmina-benchekroun-131985\/\">Cliquez ici pour lire l&rsquo;article depuis sa source.<\/a><\/p>\n","protected":false},"excerpt":{"rendered":"<p>Des profils vari\u00e9s de 60 cavali\u00e8res de l\u2019\u00e9galit\u00e9, soigneusement s\u00e9lectionn\u00e9es par Challenge dans son dossier sp\u00e9cial journ\u00e9e de la femme. Yasmina Benchekroun fait partie de ces femmes au parcours exceptionnel et une carri\u00e8re entrepreneuriale r\u00e9ussie. A\u00a0seulement 27 ans, elle est d\u00e9j\u00e0 \u00e0 la t\u00eate de la filiale marocaine d\u2019une multinationale britannique. Yasmina Benchekroun est en [&hellip;]<\/p>\n","protected":false},"author":1787,"featured_media":78897,"comment_status":"closed","ping_status":"closed","sticky":false,"template":"","format":"standard","meta":{"fifu_image_url":"","fifu_image_alt":"","footnotes":""},"categories":[78,54],"tags":[],"class_list":["post-78896","post","type-post","status-publish","format-standard","has-post-thumbnail","hentry","category-economie","category-maroc"],"_links":{"self":[{"href":"https:\/\/linitiative.ca\/International\/wp-json\/wp\/v2\/posts\/78896","targetHints":{"allow":["GET"]}}],"collection":[{"href":"https:\/\/linitiative.ca\/International\/wp-json\/wp\/v2\/posts"}],"about":[{"href":"https:\/\/linitiative.ca\/International\/wp-json\/wp\/v2\/types\/post"}],"author":[{"embeddable":true,"href":"https:\/\/linitiative.ca\/International\/wp-json\/wp\/v2\/users\/1787"}],"replies":[{"embeddable":true,"href":"https:\/\/linitiative.ca\/International\/wp-json\/wp\/v2\/comments?post=78896"}],"version-history":[{"count":0,"href":"https:\/\/linitiative.ca\/International\/wp-json\/wp\/v2\/posts\/78896\/revisions"}],"wp:featuredmedia":[{"embeddable":true,"href":"https:\/\/linitiative.ca\/International\/wp-json\/"}],"wp:attachment":[{"href":"https:\/\/linitiative.ca\/International\/wp-json\/wp\/v2\/media?parent=78896"}],"wp:term":[{"taxonomy":"category","embeddable":true,"href":"https:\/\/linitiative.ca\/International\/wp-json\/wp\/v2\/categories?post=78896"},{"taxonomy":"post_tag","embeddable":true,"href":"https:\/\/linitiative.ca\/International\/wp-json\/wp\/v2\/tags?post=78896"}],"curies":[{"name":"wp","href":"https:\/\/api.w.org\/{rel}","templated":true}]}}