{"id":78898,"date":"2020-03-12T11:13:50","date_gmt":"2020-03-12T15:13:50","guid":{"rendered":"https:\/\/linitiative.ca\/International\/coronavirus-une-serie-de-mesures-sera-proposee-par-la-cgem\/"},"modified":"2020-03-12T11:13:50","modified_gmt":"2020-03-12T15:13:50","slug":"coronavirus-une-serie-de-mesures-sera-proposee-par-la-cgem","status":"publish","type":"post","link":"https:\/\/linitiative.ca\/International\/coronavirus-une-serie-de-mesures-sera-proposee-par-la-cgem\/","title":{"rendered":"Coronavirus : Une s\u00e9rie de mesures sera propos\u00e9e par la CGEM"},"content":{"rendered":"<p><strong>La CGEM a r\u00e9uni\u00a0 le 12 mars ses diff\u00e9rentes f\u00e9d\u00e9rations pour \u00e9valuer les cons\u00e9quences du coronavirus sur l\u2019\u00e9conomie marocaine. Les d\u00e9tails.<\/strong><\/p>\n<div class=\"c10\"\/>\n<p>Le <strong>patronat<\/strong> se mobilise pour faire face aux effets de la pand\u00e9mie du Coronavirus sur la sant\u00e9 des entreprises. Dans ce sens, Chakib Alj, Pr\u00e9sident de la Conf\u00e9d\u00e9ration g\u00e9n\u00e9rale des entreprises du Maroc (<strong>CGEM<\/strong>), a tenu le 12 mars une rencontre avec l\u2019ensemble des f\u00e9d\u00e9rations et r\u00e9gions de la conf\u00e9d\u00e9ration en vue d\u2019\u00e9valuer les cons\u00e9quences du coronavirus sur l\u2019\u00e9conomie marocaine.\u00a0<\/p>\n<p>\u00ab\u00a0Une s\u00e9rie de mesures sera propos\u00e9e pour pr\u00e9server la situation \u00e9conomique au Maroc face au nouveau coronavirus. Ces mesures seront propos\u00e9es dans le cadre de la r\u00e9union pr\u00e9vue du comit\u00e9 de veille \u00e9conomique\u00a0\u00bb, a pr\u00e9cis\u00e9 Chakib Alj \u00e0 l\u2019issue de la rencontre, ajoutant que ces mesures seront propos\u00e9es dans le cadre de la r\u00e9union pr\u00e9vue du comit\u00e9 de <strong>veille \u00e9conomique<\/strong>.<\/p>\n<p><img decoding=\"async\" src=\"https:\/\/www.challenge.ma\/wp-content\/uploads\/2020\/03\/IMG-20200312-WA0020-1024x682.jpg\" alt=\"\" class=\"wp-image-132047\" srcset=\"https:\/\/www.challenge.ma\/wp-content\/uploads\/2020\/03\/IMG-20200312-WA0020-1024x682.jpg 1024w, https:\/\/www.challenge.ma\/wp-content\/uploads\/2020\/03\/IMG-20200312-WA0020-300x200.jpg 300w, https:\/\/www.challenge.ma\/wp-content\/uploads\/2020\/03\/IMG-20200312-WA0020-768x512.jpg 768w, https:\/\/www.challenge.ma\/wp-content\/uploads\/2020\/03\/IMG-20200312-WA0020-360x240.jpg 360w, https:\/\/www.challenge.ma\/wp-content\/uploads\/2020\/03\/IMG-20200312-WA0020-750x500.jpg 750w, https:\/\/www.challenge.ma\/wp-content\/uploads\/2020\/03\/IMG-20200312-WA0020.jpg 1280w\" sizes=\"(max-width: 1024px) 100vw, 1024px\"\/><\/p>\n<p>Lire aussi: <a href=\"https:\/\/www.challenge.ma\/coronavirus-un-6e-cas-confirme-au-maroc-131959\/\">Coronavirus : Un 6\u00e8 cas confirm\u00e9 au Maroc<\/a><\/p>\n<p>\u00ab\u00a0Ces mesures, qui s\u2019inscrivent dans le cadre de la pr\u00e9servation de l\u2019emploi des Marocains ainsi que des entreprises, ont pour objectif de faire face \u00e0 la situation in\u00e9dite que traverse le monde. Des <strong>solutions pragmatiques<\/strong> et anticip\u00e9es seront propos\u00e9es en faveur de l\u2019\u00e9conomie du pays\u00a0\u00bb, a-t-il poursuivi.<\/p>\n<p>Force est de rappeler que le minist\u00e8re de l\u2019Economie, des Finances et de la R\u00e9forme de l\u2019Administration a annonc\u00e9, le 11 mars, la mise en place d\u2019un <strong>Comit\u00e9 de Veille Economique<\/strong> (CVE), dans le cadre des efforts du gouvernement pour anticiper les r\u00e9percussions \u00e9conomiques directes et indirectes du Covid-19 sur l\u2019\u00e9conomie nationale.<\/p>\n<p>Notons que ce comit\u00e9 est charg\u00e9 d\u2019une part, de suivre de pr\u00e8s l\u2019\u00e9volution de la situation \u00e9conomique \u00e0 travers des m\u00e9canismes rigoureux de suivi et d\u2019\u00e9valuation et d\u2019autre part, d\u2019identifier les mesures appropri\u00e9es en termes d\u2019accompagnement des secteurs impact\u00e9s.<\/p>\n<div class=\"c17\">\n<fieldset class=\"c16\">\n<legend><strong><span class=\"c11\">Challenge<\/span><span class=\"c12\">news<\/span><\/strong><\/legend>\n<div class=\"c15\">Le meilleur de Challenge s\u00e9lectionn\u00e9 par la r\u00e9daction :<\/p>\n<\/div>\n<\/fieldset>\n<\/div>\n<p>Auteur: challenge<br \/>\n<a href=\"https:\/\/www.challenge.ma\/coronavirus-une-serie-de-mesures-sera-proposee-par-la-cgem-132030\/\">Cliquez ici pour lire l&rsquo;article depuis sa source.<\/a><\/p>\n","protected":false},"excerpt":{"rendered":"<p>La CGEM a r\u00e9uni\u00a0 le 12 mars ses diff\u00e9rentes f\u00e9d\u00e9rations pour \u00e9valuer les cons\u00e9quences du coronavirus sur l\u2019\u00e9conomie marocaine. Les d\u00e9tails. Le patronat se mobilise pour faire face aux effets de la pand\u00e9mie du Coronavirus sur la sant\u00e9 des entreprises. Dans ce sens, Chakib Alj, Pr\u00e9sident de la Conf\u00e9d\u00e9ration g\u00e9n\u00e9rale des entreprises du Maroc (CGEM), [&hellip;]<\/p>\n","protected":false},"author":1787,"featured_media":78899,"comment_status":"closed","ping_status":"closed","sticky":false,"template":"","format":"standard","meta":{"fifu_image_url":"","fifu_image_alt":"","footnotes":""},"categories":[78,54],"tags":[],"class_list":["post-78898","post","type-post","status-publish","format-standard","has-post-thumbnail","hentry","category-economie","category-maroc"],"_links":{"self":[{"href":"https:\/\/linitiative.ca\/International\/wp-json\/wp\/v2\/posts\/78898","targetHints":{"allow":["GET"]}}],"collection":[{"href":"https:\/\/linitiative.ca\/International\/wp-json\/wp\/v2\/posts"}],"about":[{"href":"https:\/\/linitiative.ca\/International\/wp-json\/wp\/v2\/types\/post"}],"author":[{"embeddable":true,"href":"https:\/\/linitiative.ca\/International\/wp-json\/wp\/v2\/users\/1787"}],"replies":[{"embeddable":true,"href":"https:\/\/linitiative.ca\/International\/wp-json\/wp\/v2\/comments?post=78898"}],"version-history":[{"count":0,"href":"https:\/\/linitiative.ca\/International\/wp-json\/wp\/v2\/posts\/78898\/revisions"}],"wp:featuredmedia":[{"embeddable":true,"href":"https:\/\/linitiative.ca\/International\/wp-json\/"}],"wp:attachment":[{"href":"https:\/\/linitiative.ca\/International\/wp-json\/wp\/v2\/media?parent=78898"}],"wp:term":[{"taxonomy":"category","embeddable":true,"href":"https:\/\/linitiative.ca\/International\/wp-json\/wp\/v2\/categories?post=78898"},{"taxonomy":"post_tag","embeddable":true,"href":"https:\/\/linitiative.ca\/International\/wp-json\/wp\/v2\/tags?post=78898"}],"curies":[{"name":"wp","href":"https:\/\/api.w.org\/{rel}","templated":true}]}}