{"id":78900,"date":"2020-03-12T12:52:24","date_gmt":"2020-03-12T16:52:24","guid":{"rendered":"https:\/\/linitiative.ca\/International\/societe-generale-maroc-investit-dans-linnovation-sociale\/"},"modified":"2020-03-12T12:52:24","modified_gmt":"2020-03-12T16:52:24","slug":"societe-generale-maroc-investit-dans-linnovation-sociale","status":"publish","type":"post","link":"https:\/\/linitiative.ca\/International\/societe-generale-maroc-investit-dans-linnovation-sociale\/","title":{"rendered":"Soci\u00e9t\u00e9 G\u00e9n\u00e9rale Maroc investit dans l\u2019innovation sociale"},"content":{"rendered":"<p><strong>La Soci\u00e9t\u00e9 G\u00e9n\u00e9rale Maroc, l\u2019Association Maroc Impact et l\u2019Universit\u00e9 Hassan II de Casablanca (UH2C) ont sign\u00e9 une convention de partenariat pour le lancement de projets \u00e0 fort impact social.<\/strong><\/p>\n<div class=\"c10\"\/>\n<p>Via cette collaboration, Soci\u00e9t\u00e9 G\u00e9n\u00e9rale Maroc et Maroc Impact d\u00e9cident d\u2019unir leurs forces au profit de ceux qui ont envie d\u2019entreprendre. Premi\u00e8re action : le lancement d\u2019un premier projet \u00e0 impact social men\u00e9 en partenariat avec l\u2019Universit\u00e9 Hassan II-Casablanca et avec le soutien du groupe Bollor\u00e9 Transport &amp; Logistics Maroc.<\/p>\n<p>Mu-Hub est constitu\u00e9 d\u2019une premi\u00e8re plateforme physique \u00ab Fab Lab \u00bb de proximit\u00e9 situ\u00e9e au sein de l\u2019Universit\u00e9 Hassan II-Casablanca et d\u2019une plateforme virtuelle d\u2019innovation sociale. Le Fab Lab \u00bb prendra la forme d\u2019un conteneur-hub acad\u00e9mique d\u2019exp\u00e9rimentation et de prototypage \u00e0 impact socio-\u00e9conomique fond\u00e9 sur une approche hybride d\u2019int\u00e9gration \u00ab du Faire au c\u0153ur du Savoir \u00bb. Ces conteneurs seront fournis gr\u00e2ce au soutien du Groupe <strong>Bollor\u00e9 Transport &amp; Logistics Maroc<\/strong>. Pour sa part, la plateforme digitale constituera un espace virtuel de networking, d\u00e9veloppement, de promotion et de diffusion de la production scientifique en open source \u00e0 dimension nationale, continentale et internationale.<\/p>\n<p>Lire aussi : <a href=\"https:\/\/www.challenge.ma\/prets-dhonneur-societe-generale-maroc-mise-7-millions-de-dh-128560\/\" target=\"_blank\" rel=\"noreferrer noopener\" aria-label=\" (s&#x2019;ouvre dans un nouvel onglet)\">Pr\u00eats d\u2019honneur : Soci\u00e9t\u00e9 G\u00e9n\u00e9rale Maroc mise 7 millions de DH<\/a><\/p>\n<p>En co-construction avec l\u2019<strong>Universit\u00e9 Hassan II-Casablanca<\/strong>, ces plateformes ont pour objectif d\u2019impulser et de soutenir des vocations d\u2019entrepreneurs sociaux, en associant toutes les forces vives universitaires (\u00e9tudiants, doctorants et enseignants seniors) et en mettant \u00e0 leur disposition les moyens d\u2019\u00e9changer, de partager, de confronter leurs id\u00e9es et leurs exp\u00e9rimentations. Ainsi, <strong>Mu-Hub<\/strong> sera un lieu d\u2019exp\u00e9rimentation \u00e9quip\u00e9 des outils permettant aux b\u00e9n\u00e9ficiaires de cr\u00e9er, d\u2019inventer, de fabriquer et de tester les objets les plus divers, permettant d\u2019aller jusqu\u2019au prototypage des projets.<\/p>\n<p>Selon <strong>Soci\u00e9t\u00e9 G\u00e9n\u00e9rale Maroc<\/strong>, ces espaces physiques et digitaux Mu-Hub ont vocation \u00e0 faire \u00ab bouger les lignes \u00bb \u00e0 travers une d\u00e9marche de r\u00e9conciliation de l\u2019universit\u00e9 marocaine avec la cr\u00e9ation de valeur \u00e9conomique en faisant \u00e9merger un nouveau souffle de publications scientifiques, en lib\u00e9rant le potentiel \u00ab Social Business \u00bb des b\u00e9n\u00e9ficiaires de l\u2019Universit\u00e9 et faisant \u00e9merger de nouveaux entrepreneurs \u00e0 impact social.<\/p>\n<div class=\"c17\">\n<fieldset class=\"c16\">\n<legend><strong><span class=\"c11\">Challenge<\/span><span class=\"c12\">news<\/span><\/strong><\/legend>\n<div class=\"c15\">Le meilleur de Challenge s\u00e9lectionn\u00e9 par la r\u00e9daction :<\/p>\n<\/div>\n<\/fieldset>\n<\/div>\n<p>Auteur: challenge<br \/>\n<a href=\"https:\/\/www.challenge.ma\/societe-generale-maroc-investit-dans-linnovation-sociale-132040\/\">Cliquez ici pour lire l&rsquo;article depuis sa source.<\/a><\/p>\n","protected":false},"excerpt":{"rendered":"<p>La Soci\u00e9t\u00e9 G\u00e9n\u00e9rale Maroc, l\u2019Association Maroc Impact et l\u2019Universit\u00e9 Hassan II de Casablanca (UH2C) ont sign\u00e9 une convention de partenariat pour le lancement de projets \u00e0 fort impact social. Via cette collaboration, Soci\u00e9t\u00e9 G\u00e9n\u00e9rale Maroc et Maroc Impact d\u00e9cident d\u2019unir leurs forces au profit de ceux qui ont envie d\u2019entreprendre. Premi\u00e8re action : le lancement [&hellip;]<\/p>\n","protected":false},"author":1787,"featured_media":0,"comment_status":"closed","ping_status":"closed","sticky":false,"template":"","format":"standard","meta":{"fifu_image_url":"","fifu_image_alt":"","footnotes":""},"categories":[78,54],"tags":[],"class_list":["post-78900","post","type-post","status-publish","format-standard","hentry","category-economie","category-maroc"],"_links":{"self":[{"href":"https:\/\/linitiative.ca\/International\/wp-json\/wp\/v2\/posts\/78900","targetHints":{"allow":["GET"]}}],"collection":[{"href":"https:\/\/linitiative.ca\/International\/wp-json\/wp\/v2\/posts"}],"about":[{"href":"https:\/\/linitiative.ca\/International\/wp-json\/wp\/v2\/types\/post"}],"author":[{"embeddable":true,"href":"https:\/\/linitiative.ca\/International\/wp-json\/wp\/v2\/users\/1787"}],"replies":[{"embeddable":true,"href":"https:\/\/linitiative.ca\/International\/wp-json\/wp\/v2\/comments?post=78900"}],"version-history":[{"count":0,"href":"https:\/\/linitiative.ca\/International\/wp-json\/wp\/v2\/posts\/78900\/revisions"}],"wp:attachment":[{"href":"https:\/\/linitiative.ca\/International\/wp-json\/wp\/v2\/media?parent=78900"}],"wp:term":[{"taxonomy":"category","embeddable":true,"href":"https:\/\/linitiative.ca\/International\/wp-json\/wp\/v2\/categories?post=78900"},{"taxonomy":"post_tag","embeddable":true,"href":"https:\/\/linitiative.ca\/International\/wp-json\/wp\/v2\/tags?post=78900"}],"curies":[{"name":"wp","href":"https:\/\/api.w.org\/{rel}","templated":true}]}}