{"id":78901,"date":"2020-03-12T14:44:58","date_gmt":"2020-03-12T18:44:58","guid":{"rendered":"https:\/\/linitiative.ca\/International\/le-coronavirus-impacte-le-prix-des-produits-alimentaires\/"},"modified":"2020-03-12T14:44:58","modified_gmt":"2020-03-12T18:44:58","slug":"le-coronavirus-impacte-le-prix-des-produits-alimentaires","status":"publish","type":"post","link":"https:\/\/linitiative.ca\/International\/le-coronavirus-impacte-le-prix-des-produits-alimentaires\/","title":{"rendered":"Le Coronavirus impacte le prix des produits alimentaires"},"content":{"rendered":"<p><strong>Une l\u00e9g\u00e8re hausse a \u00e9t\u00e9 constat\u00e9e au niveau des prix de certains produits alimentaires au Maroc, selon le ministre de l\u2019Industrie, du Commerce, de l\u2019\u00c9conomie verte et num\u00e9rique, Moulay Hafid Elalamy.<\/strong><\/p>\n<div class=\"c10\"\/>\n<p>Lors d\u2019un expos\u00e9 devant le Conseil du gouvernement, r\u00e9uni jeudi \u00e0 Rabat, Moulay Hafid Elalamy a relev\u00e9 \u00ab\u00a0qu\u2019une hausse l\u00e9g\u00e8re a \u00e9t\u00e9 enregistr\u00e9e au niveau des prix de certains <strong>produits alimentaires<\/strong>, ainsi qu\u2019une augmentation cons\u00e9quente de ceux des produits d\u2019hygi\u00e8ne\u00a0\u00bb, a indiqu\u00e9 le ministre de la Culture, de la Jeunesse et des Sports, porte-parole du gouvernement, Hassan Abayba, \u00e0 l\u2019issue de ce conseil.<\/p>\n<p>Pour autant, a assur\u00e9 Moulay Hafid Elalamy, \u00ab\u00a0les cha\u00eenes d\u2019approvisionnement industrielles ne pr\u00e9voient pas de perturbations \u00e0 grande \u00e9chelle \u00e0 court terme, des voies alternatives \u00e9tant assur\u00e9es par les acteurs concern\u00e9s\u00a0\u00bb. Pour faire face \u00e0 cette conjoncture, le minist\u00e8re de l\u2019Industrie, du Commerce, de l\u2019\u00c9conomie verte et num\u00e9rique a pris une batterie de mesures, dont la mise en place d\u2019un comit\u00e9 de veille strat\u00e9gique qui se r\u00e9unit chaque 2 jours pour arr\u00eater les mesures qui s\u2019imposent. Aussi, des m\u00e9canismes de veille et de suivi quotidien ont \u00e9t\u00e9 mis au point \u00e0 l\u2019effet de d\u00e9finir et de proposer, en partenariat avec les F\u00e9d\u00e9rations, des solutions pour pallier tout impact du <strong>Coronavirus<\/strong> sur les cha\u00eenes d\u2019approvisionnement.<\/p>\n<p>Aussi, une licence d\u2019exportation est d\u00e9sormais impos\u00e9e pour les masques m\u00e9dicaux et les gels d\u00e9sinfectants, a dit le ministre, ajoutant que des mesures concr\u00e8tes ont \u00e9t\u00e9 \u00e9galement prises au profit des entreprises dont l\u2019activit\u00e9 pourrait \u00eatre impact\u00e9e par le <strong>Covid-19<\/strong>. Le minist\u00e8re proc\u00e8de \u00e9galement \u00e0 la garantie des stocks en produits de premi\u00e8re n\u00e9cessit\u00e9 non p\u00e9rissables pour faire face \u00e0 la demande croissante au niveau nationale.<\/p>\n<p>Le minist\u00e8re agit aussi pour rassurer les citoyens quant \u00e0 la situation de l\u2019approvisionnement national qui ne doit pr\u00eater \u00e0 aucune inqui\u00e9tude. Des actions sont \u00e9galement men\u00e9es pour sensibiliser les commer\u00e7ants aux responsabilit\u00e9s qui leur incombent face \u00e0 cette situation. Enfin, le minist\u00e8re a report\u00e9 tous les \u00e9v\u00e9nements qu\u2019il projetait d\u2019organiser.<\/p>\n<p>Avec MAP<\/p>\n<div class=\"c17\">\n<fieldset class=\"c16\">\n<legend><strong><span class=\"c11\">Challenge<\/span><span class=\"c12\">news<\/span><\/strong><\/legend>\n<div class=\"c15\">Le meilleur de Challenge s\u00e9lectionn\u00e9 par la r\u00e9daction :<\/p>\n<\/div>\n<\/fieldset>\n<\/div>\n<p>Auteur: challenge<br \/>\n<a href=\"https:\/\/www.challenge.ma\/le-coronavirus-impacte-le-prix-des-produits-alimentaires-132044\/\">Cliquez ici pour lire l&rsquo;article depuis sa source.<\/a><\/p>\n","protected":false},"excerpt":{"rendered":"<p>Une l\u00e9g\u00e8re hausse a \u00e9t\u00e9 constat\u00e9e au niveau des prix de certains produits alimentaires au Maroc, selon le ministre de l\u2019Industrie, du Commerce, de l\u2019\u00c9conomie verte et num\u00e9rique, Moulay Hafid Elalamy. Lors d\u2019un expos\u00e9 devant le Conseil du gouvernement, r\u00e9uni jeudi \u00e0 Rabat, Moulay Hafid Elalamy a relev\u00e9 \u00ab\u00a0qu\u2019une hausse l\u00e9g\u00e8re a \u00e9t\u00e9 enregistr\u00e9e au [&hellip;]<\/p>\n","protected":false},"author":1787,"featured_media":0,"comment_status":"closed","ping_status":"closed","sticky":false,"template":"","format":"standard","meta":{"fifu_image_url":"","fifu_image_alt":"","footnotes":""},"categories":[78,54],"tags":[],"class_list":["post-78901","post","type-post","status-publish","format-standard","hentry","category-economie","category-maroc"],"_links":{"self":[{"href":"https:\/\/linitiative.ca\/International\/wp-json\/wp\/v2\/posts\/78901","targetHints":{"allow":["GET"]}}],"collection":[{"href":"https:\/\/linitiative.ca\/International\/wp-json\/wp\/v2\/posts"}],"about":[{"href":"https:\/\/linitiative.ca\/International\/wp-json\/wp\/v2\/types\/post"}],"author":[{"embeddable":true,"href":"https:\/\/linitiative.ca\/International\/wp-json\/wp\/v2\/users\/1787"}],"replies":[{"embeddable":true,"href":"https:\/\/linitiative.ca\/International\/wp-json\/wp\/v2\/comments?post=78901"}],"version-history":[{"count":0,"href":"https:\/\/linitiative.ca\/International\/wp-json\/wp\/v2\/posts\/78901\/revisions"}],"wp:attachment":[{"href":"https:\/\/linitiative.ca\/International\/wp-json\/wp\/v2\/media?parent=78901"}],"wp:term":[{"taxonomy":"category","embeddable":true,"href":"https:\/\/linitiative.ca\/International\/wp-json\/wp\/v2\/categories?post=78901"},{"taxonomy":"post_tag","embeddable":true,"href":"https:\/\/linitiative.ca\/International\/wp-json\/wp\/v2\/tags?post=78901"}],"curies":[{"name":"wp","href":"https:\/\/api.w.org\/{rel}","templated":true}]}}