{"id":78902,"date":"2020-03-12T15:42:55","date_gmt":"2020-03-12T19:42:55","guid":{"rendered":"https:\/\/linitiative.ca\/International\/le-maroc-suspend-ses-liaisons-aeriennes-et-maritimes-avec-lespagne\/"},"modified":"2020-03-12T15:42:55","modified_gmt":"2020-03-12T19:42:55","slug":"le-maroc-suspend-ses-liaisons-aeriennes-et-maritimes-avec-lespagne","status":"publish","type":"post","link":"https:\/\/linitiative.ca\/International\/le-maroc-suspend-ses-liaisons-aeriennes-et-maritimes-avec-lespagne\/","title":{"rendered":"Le Maroc suspend ses liaisons a\u00e9riennes et maritimes avec l\u2019Espagne"},"content":{"rendered":"<p><strong>L\u2019Espagne est l\u2019un des pays les plus touch\u00e9s par le coronavirus<\/strong> <strong>en Europe.<\/strong><\/p>\n<div class=\"c10\"\/>\n<p>Le Royaume du <strong>Maroc<\/strong> a d\u00e9cid\u00e9, en concertation avec les autorit\u00e9s espagnoles de suspendre, jusqu\u2019\u00e0 nouvel ordre, les vols a\u00e9riens et le trafic maritime de passagers, en provenance et \u00e0 destination de l\u2019Espagne.<\/p>\n<p>SM le Roi Mohammed VI et SM le Roi Felipe VI, se sont concert\u00e9s \u00e0 ce sujet, \u00e0 la suite des \u00e9changes qui ont eu lieu entre les Chefs de gouvernements et les ministres de l\u2019Int\u00e9rieur et des Affaires \u00e9trang\u00e8res des deux pays.<\/p>\n<p>L\u2019Espagne compte actuellement plus de 2900 cas confirm\u00e9s de <strong>coronavirus<\/strong> et a enregistr\u00e9 84 morts. Le Maroc a pour sa part recens\u00e9 6 cas et un mort.<\/p>\n<p>Le Maroc et l\u2019<strong>Espagne<\/strong>, deux pays voisins et partenaires, travaillent dans la coordination totale pour faire face \u00e0 cette pand\u00e9mie mondiale.<\/p>\n<p>Avec MAP<\/p>\n<div class=\"c17\">\n<fieldset class=\"c16\">\n<legend><strong><span class=\"c11\">Challenge<\/span><span class=\"c12\">news<\/span><\/strong><\/legend>\n<div class=\"c15\">Le meilleur de Challenge s\u00e9lectionn\u00e9 par la r\u00e9daction :<\/p>\n<\/div>\n<\/fieldset>\n<\/div>\n<p>Auteur: challenge<br \/>\n<a href=\"https:\/\/www.challenge.ma\/le-maroc-suspend-ses-liaisons-aeriennes-et-maritimes-avec-lespagne-132050\/\">Cliquez ici pour lire l&rsquo;article depuis sa source.<\/a><\/p>\n","protected":false},"excerpt":{"rendered":"<p>L\u2019Espagne est l\u2019un des pays les plus touch\u00e9s par le coronavirus en Europe. Le Royaume du Maroc a d\u00e9cid\u00e9, en concertation avec les autorit\u00e9s espagnoles de suspendre, jusqu\u2019\u00e0 nouvel ordre, les vols a\u00e9riens et le trafic maritime de passagers, en provenance et \u00e0 destination de l\u2019Espagne. SM le Roi Mohammed VI et SM le Roi [&hellip;]<\/p>\n","protected":false},"author":1787,"featured_media":0,"comment_status":"closed","ping_status":"closed","sticky":false,"template":"","format":"standard","meta":{"fifu_image_url":"","fifu_image_alt":"","footnotes":""},"categories":[78,54],"tags":[],"class_list":["post-78902","post","type-post","status-publish","format-standard","hentry","category-economie","category-maroc"],"_links":{"self":[{"href":"https:\/\/linitiative.ca\/International\/wp-json\/wp\/v2\/posts\/78902","targetHints":{"allow":["GET"]}}],"collection":[{"href":"https:\/\/linitiative.ca\/International\/wp-json\/wp\/v2\/posts"}],"about":[{"href":"https:\/\/linitiative.ca\/International\/wp-json\/wp\/v2\/types\/post"}],"author":[{"embeddable":true,"href":"https:\/\/linitiative.ca\/International\/wp-json\/wp\/v2\/users\/1787"}],"replies":[{"embeddable":true,"href":"https:\/\/linitiative.ca\/International\/wp-json\/wp\/v2\/comments?post=78902"}],"version-history":[{"count":0,"href":"https:\/\/linitiative.ca\/International\/wp-json\/wp\/v2\/posts\/78902\/revisions"}],"wp:attachment":[{"href":"https:\/\/linitiative.ca\/International\/wp-json\/wp\/v2\/media?parent=78902"}],"wp:term":[{"taxonomy":"category","embeddable":true,"href":"https:\/\/linitiative.ca\/International\/wp-json\/wp\/v2\/categories?post=78902"},{"taxonomy":"post_tag","embeddable":true,"href":"https:\/\/linitiative.ca\/International\/wp-json\/wp\/v2\/tags?post=78902"}],"curies":[{"name":"wp","href":"https:\/\/api.w.org\/{rel}","templated":true}]}}