{"id":78903,"date":"2020-03-12T15:51:12","date_gmt":"2020-03-12T19:51:12","guid":{"rendered":"https:\/\/linitiative.ca\/International\/coronavirus-la-france-decide-des-mesures-exceptionnelles-et-draconiennes\/"},"modified":"2020-03-12T15:51:12","modified_gmt":"2020-03-12T19:51:12","slug":"coronavirus-la-france-decide-des-mesures-exceptionnelles-et-draconiennes","status":"publish","type":"post","link":"https:\/\/linitiative.ca\/International\/coronavirus-la-france-decide-des-mesures-exceptionnelles-et-draconiennes\/","title":{"rendered":"Coronavirus : La France d\u00e9cide des mesures exceptionnelles et draconiennes"},"content":{"rendered":"<div class=\"post-cont-in left relative\">\n<p>Emmanuel Macron vient d\u2019annoncer, ce jeudi 12 mars, dans une allocution t\u00e9l\u00e9vis\u00e9e, que les autorit\u00e9s allaient prendre des mesures pour augmenter les capacit\u00e9s d\u2019accueil dans les h\u00f4pitaux. Il a appel\u00e9 \u00e0 \u201cprot\u00e9ger les plus faibles\u201d\u00a0(personnes \u00e2g\u00e9es, malades, personnes souffrant de handicap) et \u00e0 \u201cfreiner l\u2019\u00e9pid\u00e9mie\u201d.<\/p>\n<div class=\"code-block code-block-1 c3\"><ins class=\"adsbygoogle c2\" data-ad-layout=\"in-article\" data-ad-format=\"fluid\" data-ad-client=\"ca-pub-2102118777505746\" data-ad-slot=\"7301775417\"\/> <\/div>\n<p>D\u00e8s lundi et jusqu\u2019\u00e0 nouvel ordre, les cr\u00e8ches, les \u00e9coles, les coll\u00e8ges, les lyc\u00e9es et les universit\u00e9s seront ferm\u00e9s \u201cjusqu\u2019\u00e0 nouvel ordre\u201d. Des \u201cservices de garde\u00a0seront mis en place par le gouvernement\u201d, a annonc\u00e9 Macron, pour permettre \u00e0 ceux qui travaillent, notamment dans les h\u00f4pitaux, de continuer \u00e0 exercer leur m\u00e9tier.<\/p>\n<p>\u201cD\u00e8s les jours \u00e0 venir, un m\u00e9canisme exceptionnel et massif de ch\u00f4mage partiel sera mis en \u0153uvre, a assur\u00e9\u00a0Emmanuel Macron. Nous n\u2019ajouterons pas \u00e0 la crise sanitaire la peur de la\u00a0faillite pour les entrepreneurs et l\u2019angoisse du ch\u00f4mage pour les employ\u00e9s\u201d.<\/p>\n<p>Le pr\u00e9sident de la R\u00e9publique a \u00e9galement annonc\u00e9 que \u201cla tr\u00eave hivernale sera report\u00e9e de deux mois\u201d.<\/p>\n<div class=\"swp_social_panel swp_horizontal_panel swp_flat_fresh swp_default_full_color swp_individual_full_color swp_other_full_color scale-100 scale-\" data-min-width=\"1100\" data-float-color=\"#ffffff\" data-float=\"bottom\" data-float-mobile=\"bottom\" data-transition=\"slide\">\n<div class=\"nc_tweetContainer swp_share_button total_shares total_sharesalt\"><span class=\"swp_count\">10 <span class=\"swp_label\">Partages<\/span><\/span><\/div>\n<\/div>\n<p><strong>Que se passe-t-il en Tunisie?<\/strong><br \/>Nous expliquons sur notre <a href=\"https:\/\/www.youtube.com\/channel\/UCRzypVq0B_yBad5eGrwBx0Q?sub_confirmation=1\" target=\"_blank\" rel=\"noopener noreferrer\">cha\u00eene YouTube<\/a> . <a href=\"https:\/\/www.youtube.com\/channel\/UCRzypVq0B_yBad5eGrwBx0Q?sub_confirmation=1\" target=\"_blank\" rel=\"noopener noreferrer\">Abonnez-vous!<\/a><\/p>\n<div class=\"mvp-org-wrap mvp-org-logo\" itemprop=\"publisher\" itemscope=\"\" itemtype=\"https:\/\/schema.org\/Organization\"><img decoding=\"async\" src=\"https:\/\/www.tunisienumerique.com\/wp-content\/uploads\/2017\/02\/logo_tunisie_numerique.png\"\/><\/div>\n<div class=\"mvp-related-posts left relative\">\n<h4 class=\"post-header\"><span class=\"post-header\">Lire aussi<\/span><\/h4>\n<\/div>\n<div id=\"article-ad\"><ins class=\"adsbygoogle c4\" data-ad-client=\"ca-pub-2102118777505746\" data-ad-slot=\"6513972734\" data-ad-format=\"auto\" data-full-width-responsive=\"true\"\/> <\/div>\n<\/div>\n<div id=\"post-sidebar-wrap\"><ins class=\"adsbygoogle c4\" data-ad-client=\"ca-pub-2102118777505746\" data-ad-slot=\"6168283410\" data-ad-format=\"auto\" data-full-width-responsive=\"true\"\/> <\/div>\n<p>Auteur: LM<br \/>\n<a href=\"https:\/\/www.tunisienumerique.com\/coronavirus-la-france-decide-des-mesures-exceptionnelles-et-draconiennes\/\">Cliquez ici pour lire l&rsquo;article depuis sa source.<\/a><\/p>\n","protected":false},"excerpt":{"rendered":"<p>Emmanuel Macron vient d\u2019annoncer, ce jeudi 12 mars, dans une allocution t\u00e9l\u00e9vis\u00e9e, que les autorit\u00e9s allaient prendre des mesures pour augmenter les capacit\u00e9s d\u2019accueil dans les h\u00f4pitaux. Il a appel\u00e9 \u00e0 \u201cprot\u00e9ger les plus faibles\u201d\u00a0(personnes \u00e2g\u00e9es, malades, personnes souffrant de handicap) et \u00e0 \u201cfreiner l\u2019\u00e9pid\u00e9mie\u201d. D\u00e8s lundi et jusqu\u2019\u00e0 nouvel ordre, les cr\u00e8ches, les \u00e9coles, [&hellip;]<\/p>\n","protected":false},"author":1789,"featured_media":78904,"comment_status":"closed","ping_status":"closed","sticky":false,"template":"","format":"standard","meta":{"fifu_image_url":"","fifu_image_alt":"","footnotes":""},"categories":[73,55],"tags":[],"class_list":["post-78903","post","type-post","status-publish","format-standard","has-post-thumbnail","hentry","category-actualite","category-tunisie"],"_links":{"self":[{"href":"https:\/\/linitiative.ca\/International\/wp-json\/wp\/v2\/posts\/78903","targetHints":{"allow":["GET"]}}],"collection":[{"href":"https:\/\/linitiative.ca\/International\/wp-json\/wp\/v2\/posts"}],"about":[{"href":"https:\/\/linitiative.ca\/International\/wp-json\/wp\/v2\/types\/post"}],"author":[{"embeddable":true,"href":"https:\/\/linitiative.ca\/International\/wp-json\/wp\/v2\/users\/1789"}],"replies":[{"embeddable":true,"href":"https:\/\/linitiative.ca\/International\/wp-json\/wp\/v2\/comments?post=78903"}],"version-history":[{"count":0,"href":"https:\/\/linitiative.ca\/International\/wp-json\/wp\/v2\/posts\/78903\/revisions"}],"wp:featuredmedia":[{"embeddable":true,"href":"https:\/\/linitiative.ca\/International\/wp-json\/"}],"wp:attachment":[{"href":"https:\/\/linitiative.ca\/International\/wp-json\/wp\/v2\/media?parent=78903"}],"wp:term":[{"taxonomy":"category","embeddable":true,"href":"https:\/\/linitiative.ca\/International\/wp-json\/wp\/v2\/categories?post=78903"},{"taxonomy":"post_tag","embeddable":true,"href":"https:\/\/linitiative.ca\/International\/wp-json\/wp\/v2\/tags?post=78903"}],"curies":[{"name":"wp","href":"https:\/\/api.w.org\/{rel}","templated":true}]}}