{"id":78913,"date":"2020-03-12T16:39:15","date_gmt":"2020-03-12T20:39:15","guid":{"rendered":"https:\/\/linitiative.ca\/International\/mise-en-place-dune-cei-consensuelle-en-rci\/"},"modified":"2020-03-12T16:39:15","modified_gmt":"2020-03-12T20:39:15","slug":"mise-en-place-dune-cei-consensuelle-en-rci","status":"publish","type":"post","link":"https:\/\/linitiative.ca\/International\/mise-en-place-dune-cei-consensuelle-en-rci\/","title":{"rendered":"MISE EN PLACE D\u2019UNE CEI CONSENSUELLE EN RCI"},"content":{"rendered":"<div class=\"stream-item stream-item-above-post-content\">\n<p><noscript><\/p>\n<p><a href=\"\/\/www3.smartadserver.com\/ac?jump=1&amp;nwid=2136&amp;siteid=240610&amp;pgname=rg&amp;fmtid=49046&amp;visit=m&amp;tmstp=[timestamp]&amp;out=nonrich\" target=\"_blank\" rel=\"noopener noreferrer\"><img decoding=\"async\" src=\"http:\/\/www3.smartadserver.com\/ac?out=nonrich&amp;nwid=2136&amp;siteid=240610&amp;pgname=rg&amp;fmtid=49046&amp;visit=m&amp;tmstp=[timestamp]\" border=\"0\" alt=\"\"\/><\/a><\/p>\n<p><\/noscript><\/div>\n<p class=\"c3\"><em>La Commission \u00e9lectorale ind\u00e9pendante (CEI) constitue une v\u00e9ritable pomme de discorde en C\u00f4te d\u2019Ivoire. Pour l\u2019opposition, en effet, elle est taill\u00e9e de sorte \u00e0 faire l\u2019affaire du pouvoir. C\u2019est pourquoi elle avait pos\u00e9 plainte aupr\u00e8s de la Cour africaine des droits de l\u2019Homme et des peuples (CADHP) \u00e0 l\u2019effet d\u2019amener le pouvoir \u00e0 revoir sa copie. La Cour a cogit\u00e9 sur la question et avait produit un arr\u00eat qui appelait \u00e0 la mise en place d\u2019une CEI consensuelle. Le pouvoir, pour aller dans ce sens, a octroy\u00e9 un 4e poste au PDCI (Parti d\u00e9mocratique de C\u00f4te d\u2019Ivoire) au sein de la CEI ainsi que dans les Commissions locales, en signe de d\u00e9crispation. Mais pour le parti de Henri Konan B\u00e9di\u00e9, le compte n\u2019y est toujours pas. Car, pour lui, \u00ab\u00a0il ne s\u2019agissait pas seulement d\u2019obtenir une place au sein dudit organe, mais d\u2019en obtenir une r\u00e9forme qui assure l\u2019\u00e9galit\u00e9 de tous devant la loi et la libre participation des citoyens aux affaires publiques du pays\u00a0\u00bb. En cons\u00e9quence, le PDCI et d\u2019autres formations politiques ont une nouvelle fois port\u00e9 l\u2019affaire devant la CADHP. Cette derni\u00e8re devait se prononcer sur la question hier jeudi. La probabilit\u00e9 est forte que la CADHP appelle une nouvelle fois \u00e0 la mise en place d\u2019une CEI \u00e9quilibr\u00e9e et consensuelle. Il reste donc \u00e0 se poser la question de savoir, dans l\u2019hypoth\u00e8se o\u00f9 la CADHP donnerait raison \u00e0 l\u2019opposition pour la deuxi\u00e8me fois, si le pouvoir de ADO va refondre la CEI de mani\u00e8re \u00e0 donner satisfaction enti\u00e8re au PDCI. L\u2019on peut en douter. En effet, la CEI a toujours \u00e9t\u00e9 l\u2019objet de critiques en C\u00f4te d\u2019Ivoire, surtout depuis que la coalition RDR\/PDCI est aux affaires. A l\u2019\u00e9poque, c\u2019est le FPI (Front populaire ivoirien) de Laurent Gbagbo qui vouait aux g\u00e9monies l\u2019institution, voyant notamment en elle un outil qui faisait la part belle \u00e0 la coalition au pouvoir. Aujourd\u2019hui, c\u2019est l\u2019ancien alli\u00e9 PDCI de ADO qui pense que la CEI, plus qu\u2019une recomposition, a besoin de r\u00e9formes en profondeur.<\/em><\/p>\n<p class=\"c3\"><strong><em>On attend de lui qu\u2019il parach\u00e8ve sa volont\u00e9 de b\u00e2tir une nation d\u00e9mocratique<\/em><\/strong><\/p>\n<p class=\"c3\"><em>Bref, de toute \u00e9vidence, la C\u00f4te d\u2019Ivoire a mal \u00e0 sa CEI. Et \u00e0 moins d\u2019une ann\u00e9e de la tenue de la pr\u00e9sidentielle, le traitement de ce mal se pose comme un imp\u00e9ratif cat\u00e9gorique, pour reprendre l\u2019expression du philosophe. En effet, si la C\u00f4te d\u2019Ivoire va aux \u00e9lections de 2020 sans une CEI consensuelle, l\u2019on peut \u00eatre s\u00fbr que l\u2019apr\u00e8s-\u00e9lection conduira le pays au chaos. Ce sc\u00e9nario- catastrophe a de fortes chances de se r\u00e9aliser surtout si c\u2019est le camp Ouattara qui rafle la mise. C\u2019est pourquoi, d\u2019ores et d\u00e9j\u00e0, l\u2019on peut demander \u00e0 ADO de se montrer d\u00e9mocrate jusqu\u2019au bout.<\/em><br \/><em>Il a d\u00e9j\u00e0 fait un pas dans ce sens en renon\u00e7ant solennellement et publiquement \u00e0 briguer un 3e mandat. Cela s\u2019est pass\u00e9 r\u00e9cemment et l\u2019Afrique et le reste du monde n\u2019avaient pas manqu\u00e9 de lui tresser des lauriers. Il lui reste maintenant, pour autant qu\u2019il veuille se positionner dans l\u2019histoire politique de son pays comme un d\u00e9mocrate au sens le plus noble du terme, de relever l\u2019autre d\u00e9fi, c\u2019est-\u00e0-dire celui de travailler \u00e0 mettre en place une CEI irr\u00e9prochable. C\u2019est seulement \u00e0 ce prix qu\u2019il restera longtemps dans le c\u0153ur des Ivoiriens comme un v\u00e9ritable homme d\u2019Etat. Que son dauphin remporte ou non la pr\u00e9sidentielle de cette ann\u00e9e, est une question qui ne doit pas le pr\u00e9occuper aujourd\u2019hui. Tout ce qui doit le motiver en ces moments, c\u2019est l\u2019int\u00e9r\u00eat sup\u00e9rieur de la C\u00f4te d\u2019Ivoire. Et l\u2019histoire politique r\u00e9cente du pays commande que les acteurs politiques \u00e9vitent de semer encore les germes d\u2019une crise post-\u00e9lectorale. Et celui d\u2019entre eux qui doit le plus faire de cette posture un credo politique, est incontestablement Alassane Ouattara. On attend de lui qu\u2019il parach\u00e8ve sa volont\u00e9 de b\u00e2tir une nation d\u00e9mocratique. Sous Laurent Gbagbo, certes la CEI n\u2019\u00e9tait pas parfaite, mais elle avait quand m\u00eame le m\u00e9rite d\u2019\u00eatre plus \u00e9quilibr\u00e9e que la CEI d\u2019aujourd\u2019hui. Qui plus est, elle \u00e9tait pilot\u00e9e par un opposant. Dix ans apr\u00e8s, ADO a le devoir imp\u00e9rieux et sacr\u00e9 de l\u00e9guer \u00e0 la C\u00f4te d\u2019Ivoire, un instrument plus performant en terme de promotion de la d\u00e9mocratie. En tout cas, il laisserait un go\u00fbt d\u2019inachev\u00e9, si apr\u00e8s avoir renonc\u00e9 au 3e mandat, il quittait la sc\u00e8ne politique tout en laissant derri\u00e8re lui une CEI bancale et potentiellement dangereuse pour la C\u00f4te d\u2019Ivoire.<\/em><\/p>\n<p class=\"c3\"><strong><em>Pousdem PICKOU<\/em><\/strong><\/p>\n<p>Auteur: Le Pays<br \/>\n<a href=\"http:\/\/lepays.bf\/mise-en-place-dune-cei-consensuelle-en-rci\/\">Cliquez ici pour lire l&rsquo;article depuis sa source.<\/a><\/p>\n","protected":false},"excerpt":{"rendered":"<p>La Commission \u00e9lectorale ind\u00e9pendante (CEI) constitue une v\u00e9ritable pomme de discorde en C\u00f4te d\u2019Ivoire. Pour l\u2019opposition, en effet, elle est taill\u00e9e de sorte \u00e0 faire l\u2019affaire du pouvoir. C\u2019est pourquoi elle avait pos\u00e9 plainte aupr\u00e8s de la Cour africaine des droits de l\u2019Homme et des peuples (CADHP) \u00e0 l\u2019effet d\u2019amener le pouvoir \u00e0 revoir sa [&hellip;]<\/p>\n","protected":false},"author":1813,"featured_media":0,"comment_status":"closed","ping_status":"closed","sticky":false,"template":"","format":"standard","meta":{"fifu_image_url":"","fifu_image_alt":"","footnotes":""},"categories":[73,81],"tags":[],"class_list":["post-78913","post","type-post","status-publish","format-standard","hentry","category-actualite","category-burkina-faso"],"_links":{"self":[{"href":"https:\/\/linitiative.ca\/International\/wp-json\/wp\/v2\/posts\/78913","targetHints":{"allow":["GET"]}}],"collection":[{"href":"https:\/\/linitiative.ca\/International\/wp-json\/wp\/v2\/posts"}],"about":[{"href":"https:\/\/linitiative.ca\/International\/wp-json\/wp\/v2\/types\/post"}],"author":[{"embeddable":true,"href":"https:\/\/linitiative.ca\/International\/wp-json\/wp\/v2\/users\/1813"}],"replies":[{"embeddable":true,"href":"https:\/\/linitiative.ca\/International\/wp-json\/wp\/v2\/comments?post=78913"}],"version-history":[{"count":0,"href":"https:\/\/linitiative.ca\/International\/wp-json\/wp\/v2\/posts\/78913\/revisions"}],"wp:attachment":[{"href":"https:\/\/linitiative.ca\/International\/wp-json\/wp\/v2\/media?parent=78913"}],"wp:term":[{"taxonomy":"category","embeddable":true,"href":"https:\/\/linitiative.ca\/International\/wp-json\/wp\/v2\/categories?post=78913"},{"taxonomy":"post_tag","embeddable":true,"href":"https:\/\/linitiative.ca\/International\/wp-json\/wp\/v2\/tags?post=78913"}],"curies":[{"name":"wp","href":"https:\/\/api.w.org\/{rel}","templated":true}]}}