{"id":78914,"date":"2020-03-12T14:19:13","date_gmt":"2020-03-12T18:19:13","guid":{"rendered":"https:\/\/linitiative.ca\/International\/gouvernance-administrative-des-acteurs-de-leducation-renforcent-leurs-capacites\/"},"modified":"2020-03-12T14:19:13","modified_gmt":"2020-03-12T18:19:13","slug":"gouvernance-administrative-des-acteurs-de-leducation-renforcent-leurs-capacites","status":"publish","type":"post","link":"https:\/\/linitiative.ca\/International\/gouvernance-administrative-des-acteurs-de-leducation-renforcent-leurs-capacites\/","title":{"rendered":"Gouvernance administrative: des acteurs de l\u2019\u00e9ducation renforcent leurs capacit\u00e9s"},"content":{"rendered":"<div class=\"td-post-featured-image\"><a href=\"https:\/\/i0.wp.com\/www.sidwaya.info\/wp-content\/uploads\/2020\/03\/minouaro13.jpg?fit=1060%2C529&amp;ssl=1\" data-caption=\"\"><img loading=\"lazy\" decoding=\"async\" width=\"696\" height=\"347\" class=\"entry-thumb td-modal-image\" src=\"https:\/\/i0.wp.com\/www.sidwaya.info\/wp-content\/uploads\/2020\/03\/minouaro13.jpg?resize=696,347&amp;ssl=1\" srcset=\"https:\/\/i0.wp.com\/www.sidwaya.info\/wp-content\/uploads\/2020\/03\/minouaro13.jpg?w=1060&amp;ssl=1 1060w, https:\/\/i0.wp.com\/www.sidwaya.info\/wp-content\/uploads\/2020\/03\/minouaro13.jpg?resize=300%2C150&amp;ssl=1 300w, https:\/\/i0.wp.com\/www.sidwaya.info\/wp-content\/uploads\/2020\/03\/minouaro13.jpg?resize=1024%2C511&amp;ssl=1 1024w, https:\/\/i0.wp.com\/www.sidwaya.info\/wp-content\/uploads\/2020\/03\/minouaro13.jpg?resize=768%2C383&amp;ssl=1 768w, https:\/\/i0.wp.com\/www.sidwaya.info\/wp-content\/uploads\/2020\/03\/minouaro13.jpg?resize=696,347&amp;ssl=1 696w, https:\/\/i0.wp.com\/www.sidwaya.info\/wp-content\/uploads\/2020\/03\/minouaro13.jpg?resize=842%2C420&amp;ssl=1 842w, https:\/\/i0.wp.com\/www.sidwaya.info\/wp-content\/uploads\/2020\/03\/minouaro13.jpg?resize=600%2C299&amp;ssl=1 600w\" sizes=\"auto, (max-width: 696px) 100vw, 696px\" alt=\"\" title=\"minouaro13\"\/><\/a><\/div>\n<p><strong>Le Minist\u00e8re de l\u2019Education nationale, de l\u2019Alphab\u00e9tisation et de la Promotion des langues nationales (MENAPLN) a organis\u00e9, le mercredi 11 mars 2020 \u00e0 Ouagadougou, son troisi\u00e8me conseil de cabinet \u00e9largi aux structures centrales, d\u00e9concentr\u00e9es et rattach\u00e9es.<\/strong><\/p>\n<p>Plac\u00e9 sous le th\u00e8me \u00ab Comment am\u00e9liorer la gouvernance du MENAPLN dans un contexte de d\u00e9fi s\u00e9curitaire ? \u00bb, le troisi\u00e8me conseil de cabinet \u00e9largi aux structures d\u00e9concentr\u00e9es, rattach\u00e9es et centrales du Minist\u00e8re de l\u2019Education nationale, de l\u2019Alphab\u00e9tisation et de la Promotion des langues nationales (MENAPLN) a r\u00e9uni les premiers responsables de l\u2019\u00e9ducation des treize r\u00e9gions du Burkina Faso, le mercredi 11 mars 2020 \u00e0 Ouagadougou, en vue d\u2019\u00e9changer durant trois jours sur les pr\u00e9occupations de l\u2019heure , de recueillir des orientations sur la gestion des dossiers strat\u00e9giques de r\u00e9formes et d\u2019actions au niveau de cette institution. En effet, son premier responsable, le professeur Stanislas Ouaro, a fait savoir que les acteurs de l\u2019\u00e9ducation ont initi\u00e9 l\u2019ann\u00e9e pr\u00e9c\u00e9dente ce conseil afin de se concerter et trouver des pistes de solutions pour une formation qualifi\u00e9e et s\u00e9curis\u00e9e au profit des \u00e9l\u00e8ves. Dans le cadre de cette concertation, les travaux vont se pencher sp\u00e9cifiquement sur un certain nombre de points notamment l\u2019\u00e9tat de mise en \u0153uvre des recommandations du conseil \u00e9largi d\u2019octobre 2019, la gestion des lyc\u00e9es scientifiques, la gestion des crises dans les structures \u00e9ducatives, la probl\u00e9matique de la r\u00e9ouverture des \u00e9tablissements ferm\u00e9s, les r\u00e9formes curriculaires et de l\u2019ENEP etc. \u00ab Nous avons un peu plus de 114 mille agents et cela constitue 60% de l\u2019effectif de la Fonction publique. Vous ne pouvez pas g\u00e9rer ce minist\u00e8re sans concertation, sans \u00e9change par moment \u00bb a-t-il dit.<br \/>Pour le ministre Ouaro, au sortir de ce conseil avec les \u00e9ducateurs, des recommandations vont se faire en vue d\u2019am\u00e9liorer davantage et de r\u00e9fl\u00e9chir aux innovations pour absorber au maximum les \u00e9l\u00e8ves d\u00e9plac\u00e9s internes afin de leur permettre de se retrouver dans un cycle normal.<br \/>En outre, en dehors des crises s\u00e9curitaires qui fragilisent le syst\u00e8me \u00e9ducatif du pays des Hommes int\u00e8gres, le premier responsable du MENAPLN est revenu sur la nouvelle crise \u00e0 savoir l\u2019extension de l\u2019IUTS sur les primes et gratifications des travailleurs du public. Toute chose qui a entra\u00een\u00e9 a-t-il pr\u00e9cis\u00e9, le refus de l\u2019\u00e9valuation des \u00e9l\u00e8ves dans certaines \u00e9coles, des manifestations \u00e0 travers des sit-in et autres. C\u2019est pourquoi a-t-il dit : \u00ab J\u2019en appelle au sens de responsabilit\u00e9 de tous les acteurs de l\u2019\u00e9ducation et particuli\u00e8rement des responsables des structures \u00e9ducatrices pour que les auteurs d\u2019actions non conformes \u00e0 la loi soient signal\u00e9s et les proc\u00e9dures administratives et financi\u00e8res engag\u00e9es \u00e0 leur encontre \u00bb.<\/p>\n<p>Honor\u00e9 KIRAKOYA<\/p>\n<div class=\"td-a-rec td-a-rec-id-content_bottom tdi_30_6b6 td_block_template_1\"><img loading=\"lazy\" decoding=\"async\" class=\"aligncenter size-full wp-image-9623\" src=\"https:\/\/www.sidwaya.info\/wp-content\/uploads\/2019\/06\/Projet-bannie\u0300re-Orange-mobile.jpg\" alt=\"\" width=\"728\" height=\"81\"\/><\/div>\n<p>Auteur: BM. Sidwaya<br \/>\n<a href=\"https:\/\/www.sidwaya.info\/blog\/2020\/03\/12\/gouvernance-administrative-des-acteurs-de-leducation-renforcent-leurs-capacites\/\">Cliquez ici pour lire l&rsquo;article depuis sa source.<\/a><\/p>\n","protected":false},"excerpt":{"rendered":"<p>Le Minist\u00e8re de l\u2019Education nationale, de l\u2019Alphab\u00e9tisation et de la Promotion des langues nationales (MENAPLN) a organis\u00e9, le mercredi 11 mars 2020 \u00e0 Ouagadougou, son troisi\u00e8me conseil de cabinet \u00e9largi aux structures centrales, d\u00e9concentr\u00e9es et rattach\u00e9es. Plac\u00e9 sous le th\u00e8me \u00ab Comment am\u00e9liorer la gouvernance du MENAPLN dans un contexte de d\u00e9fi s\u00e9curitaire ? \u00bb, [&hellip;]<\/p>\n","protected":false},"author":1816,"featured_media":0,"comment_status":"closed","ping_status":"closed","sticky":false,"template":"","format":"standard","meta":{"fifu_image_url":"","fifu_image_alt":"","footnotes":""},"categories":[73,81],"tags":[],"class_list":["post-78914","post","type-post","status-publish","format-standard","hentry","category-actualite","category-burkina-faso"],"_links":{"self":[{"href":"https:\/\/linitiative.ca\/International\/wp-json\/wp\/v2\/posts\/78914","targetHints":{"allow":["GET"]}}],"collection":[{"href":"https:\/\/linitiative.ca\/International\/wp-json\/wp\/v2\/posts"}],"about":[{"href":"https:\/\/linitiative.ca\/International\/wp-json\/wp\/v2\/types\/post"}],"author":[{"embeddable":true,"href":"https:\/\/linitiative.ca\/International\/wp-json\/wp\/v2\/users\/1816"}],"replies":[{"embeddable":true,"href":"https:\/\/linitiative.ca\/International\/wp-json\/wp\/v2\/comments?post=78914"}],"version-history":[{"count":0,"href":"https:\/\/linitiative.ca\/International\/wp-json\/wp\/v2\/posts\/78914\/revisions"}],"wp:attachment":[{"href":"https:\/\/linitiative.ca\/International\/wp-json\/wp\/v2\/media?parent=78914"}],"wp:term":[{"taxonomy":"category","embeddable":true,"href":"https:\/\/linitiative.ca\/International\/wp-json\/wp\/v2\/categories?post=78914"},{"taxonomy":"post_tag","embeddable":true,"href":"https:\/\/linitiative.ca\/International\/wp-json\/wp\/v2\/tags?post=78914"}],"curies":[{"name":"wp","href":"https:\/\/api.w.org\/{rel}","templated":true}]}}