{"id":78915,"date":"2020-03-12T14:23:24","date_gmt":"2020-03-12T18:23:24","guid":{"rendered":"https:\/\/linitiative.ca\/International\/le-devoir-de-liberer-ignace-sossou\/"},"modified":"2020-03-12T14:23:24","modified_gmt":"2020-03-12T18:23:24","slug":"le-devoir-de-liberer-ignace-sossou","status":"publish","type":"post","link":"https:\/\/linitiative.ca\/International\/le-devoir-de-liberer-ignace-sossou\/","title":{"rendered":"Le devoir de lib\u00e9rer  Ignace Sossou"},"content":{"rendered":"<p>La libert\u00e9 de la presse est un pilier majeur de la d\u00e9mocratie et toute soci\u00e9t\u00e9 d\u00e9mocratique qui emprisonne ses journalistes dans le cadre de l\u2019exercice de leur m\u00e9tier s\u2019expose \u00e0 \u00eatre d\u00e9class\u00e9e. Ignace Sossou, journaliste et directeur de production de B\u00e9nin WebTV, purge actuellement une peine de 18 mois de prison ferme apr\u00e8s sa condamnation, le 24 d\u00e9cembre 2019, pour \u00ab harc\u00e8lement par le biais de moyens de communication \u00e9lectronique \u00bb sur la base d\u2019une loi b\u00e9ninoise portant code du num\u00e9rique. Le journaliste avait pr\u00e9cis\u00e9ment relay\u00e9 sur les r\u00e9seaux sociaux certains propos du procureur de la R\u00e9publique pr\u00e8s le tribunal de premi\u00e8re instance de Cotonou qui s\u2019\u00e9tait exprim\u00e9, le 18 d\u00e9cembre 2019, lors d\u2019un atelier organis\u00e9 par l\u2019agence fran\u00e7aise de d\u00e9veloppement des m\u00e9dias (CFI). Tout le monde a aujourd\u2019hui la preuve sonore et \u00e9crite que les propos tenus n\u2019ont pas \u00e9t\u00e9 tronqu\u00e9s par le journaliste embastill\u00e9. Comment peut-on envoyer un journaliste en prison pour trois tweets ne pr\u00e9sentant, \u00abaucun caract\u00e8re diffamatoire\u00bb et qui en plus est, comme l\u2019a finalement reconnu CFI et comme chacun a pu le constater ? Dans un pays o\u00f9 l\u2019av\u00e8nement d\u2019un code du num\u00e9rique en 2018 est porteur d\u2019angoisse pour la presse et les acteurs de la toile, les propos tenus par le procureur \u00e9taient de l\u2019information. En les relayant, Ignace Sossou a tout simplement fait son m\u00e9tier. Jamais un journaliste ayant relay\u00e9 sur les r\u00e9seaux sociaux des propos qui ont bien \u00e9t\u00e9 tenus en public ne s\u2019\u00e9tait retrouv\u00e9 derri\u00e8re les barreaux dans l\u2019espace CEDEAO. Comme l\u2019a soulign\u00e9 Reporters sans fronti\u00e8res (RSF), ce \u00abpr\u00e9c\u00e9dent est extr\u00eamement dangereux\u00bb. La d\u00e9tention de notre confr\u00e8re Ignace Sossou choque bien au-del\u00e0 des fronti\u00e8res du B\u00e9nin. Partout dans le monde, y compris dans nos pays d\u2019Afrique de l\u2019Ouest, fleurissent des textes de loi qui, au nom de la lutte contre la d\u00e9sinformation, les discours de haine, la cybercriminalit\u00e9 ou encore le terrorisme, peuvent \u00eatre utilis\u00e9s pour restreindre la libert\u00e9 d\u2019expression et jeter des journalistes en prison. Ignace Sossou n\u2019avait commis aucune faute comme journaliste. Ces trois tweets ont \u00e9t\u00e9 consid\u00e9r\u00e9s comme du cyberharc\u00e8lement. Ce reporter a subi la rigueur d\u2019une loi, le code du num\u00e9rique, qui n\u2019est pas le texte officiel qui r\u00e9git l\u2019activit\u00e9 des m\u00e9dias. Cette condamnation n\u2019honore ni le B\u00e9nin, l\u2019une des d\u00e9mocraties les plus stables du continent africain ayant courageusement instaur\u00e9 la d\u00e9p\u00e9nalisation des d\u00e9lits de presse, ni le r\u00e9gime en place qui a pourtant \u00e9t\u00e9 fer de lance dans la d\u00e9p\u00e9nalisation des d\u00e9lits de presse et qui a soutenu l\u2019initiative pour l\u2019Information et la D\u00e9mocratie, lanc\u00e9e par RSF en novembre2018, \u00e0 l\u2019occasion de l\u2019Assembl\u00e9e g\u00e9n\u00e9rale des Nations unies. Plus de deux mois apr\u00e8s son arrestation et alors que les preuves de son innocence sont sur la place publique, chaque jour pass\u00e9 par Ignace Sossou en prison est un tort caus\u00e9 \u00e0 la r\u00e9putation d\u00e9mocratique du B\u00e9nin et au bilan du pr\u00e9sident Patrice Talon dont nous partageons la ferme volont\u00e9 de lutter contre la d\u00e9sinformation, notamment sur les r\u00e9seaux sociaux. C\u2019est une situation qui interpelle tous les Etats du monde. Notre conviction est que ce d\u00e9fi peut \u00eatre relev\u00e9 sans restreindre la libert\u00e9 de la presse. Il est du devoir du pr\u00e9sident Patrice Talon d\u2019honorer l\u2019engagement pris, en 2015, par le l\u00e9gislateur b\u00e9ninois de d\u00e9p\u00e9naliser les d\u00e9lits de presse. Il s\u2019en montrera digne en usant de tous les pouvoirs dont dispose le pr\u00e9sident de la R\u00e9publique pour lib\u00e9rer le journaliste dont l\u2019emprisonnement est l\u2019une des pires erreurs judiciaires et politiques des ann\u00e9es du renouveau d\u00e9mocratique au B\u00e9nin et un recul important dans le combat men\u00e9 par les journalistes de l\u2019ensemble de la r\u00e9gion, de Dakar \u00e0 Cotonou, afin que les journalistes ne fassent plus l\u2019objet de peines privatives de libert\u00e9 pour de simples d\u00e9lits de presse, lorsque ceux-ci sont constitu\u00e9s.<br \/>Reporters sans fronti\u00e8res<\/p>\n<div class=\"td-a-rec td-a-rec-id-content_bottom tdi_30_daa td_block_template_1\"><img loading=\"lazy\" decoding=\"async\" class=\"aligncenter size-full wp-image-9623\" src=\"https:\/\/www.sidwaya.info\/wp-content\/uploads\/2019\/06\/Projet-bannie\u0300re-Orange-mobile.jpg\" alt=\"\" width=\"728\" height=\"81\"\/><\/div>\n<p>Auteur: BM. Sidwaya<br \/>\n<a href=\"https:\/\/www.sidwaya.info\/blog\/2020\/03\/12\/le-devoir-de-liberer-ignace-sossou\/\">Cliquez ici pour lire l&rsquo;article depuis sa source.<\/a><\/p>\n","protected":false},"excerpt":{"rendered":"<p>La libert\u00e9 de la presse est un pilier majeur de la d\u00e9mocratie et toute soci\u00e9t\u00e9 d\u00e9mocratique qui emprisonne ses journalistes dans le cadre de l\u2019exercice de leur m\u00e9tier s\u2019expose \u00e0 \u00eatre d\u00e9class\u00e9e. Ignace Sossou, journaliste et directeur de production de B\u00e9nin WebTV, purge actuellement une peine de 18 mois de prison ferme apr\u00e8s sa condamnation, [&hellip;]<\/p>\n","protected":false},"author":1816,"featured_media":78916,"comment_status":"closed","ping_status":"closed","sticky":false,"template":"","format":"standard","meta":{"fifu_image_url":"","fifu_image_alt":"","footnotes":""},"categories":[73,81],"tags":[],"class_list":["post-78915","post","type-post","status-publish","format-standard","has-post-thumbnail","hentry","category-actualite","category-burkina-faso"],"_links":{"self":[{"href":"https:\/\/linitiative.ca\/International\/wp-json\/wp\/v2\/posts\/78915","targetHints":{"allow":["GET"]}}],"collection":[{"href":"https:\/\/linitiative.ca\/International\/wp-json\/wp\/v2\/posts"}],"about":[{"href":"https:\/\/linitiative.ca\/International\/wp-json\/wp\/v2\/types\/post"}],"author":[{"embeddable":true,"href":"https:\/\/linitiative.ca\/International\/wp-json\/wp\/v2\/users\/1816"}],"replies":[{"embeddable":true,"href":"https:\/\/linitiative.ca\/International\/wp-json\/wp\/v2\/comments?post=78915"}],"version-history":[{"count":0,"href":"https:\/\/linitiative.ca\/International\/wp-json\/wp\/v2\/posts\/78915\/revisions"}],"wp:featuredmedia":[{"embeddable":true,"href":"https:\/\/linitiative.ca\/International\/wp-json\/"}],"wp:attachment":[{"href":"https:\/\/linitiative.ca\/International\/wp-json\/wp\/v2\/media?parent=78915"}],"wp:term":[{"taxonomy":"category","embeddable":true,"href":"https:\/\/linitiative.ca\/International\/wp-json\/wp\/v2\/categories?post=78915"},{"taxonomy":"post_tag","embeddable":true,"href":"https:\/\/linitiative.ca\/International\/wp-json\/wp\/v2\/tags?post=78915"}],"curies":[{"name":"wp","href":"https:\/\/api.w.org\/{rel}","templated":true}]}}