{"id":78919,"date":"2020-03-12T14:29:14","date_gmt":"2020-03-12T18:29:14","guid":{"rendered":"https:\/\/linitiative.ca\/International\/dr-jean-charlemagne-kondombo-medecin-de-sante-publique-incident-manager-du-covid-19\/"},"modified":"2020-03-12T14:29:14","modified_gmt":"2020-03-12T18:29:14","slug":"dr-jean-charlemagne-kondombo-medecin-de-sante-publique-incident-manager-du-covid-19","status":"publish","type":"post","link":"https:\/\/linitiative.ca\/International\/dr-jean-charlemagne-kondombo-medecin-de-sante-publique-incident-manager-du-covid-19\/","title":{"rendered":"Dr Jean Charlemagne Kondombo, m\u00e9decin de sant\u00e9 publique, incident manager du COVID 19"},"content":{"rendered":"<div class=\"td-post-featured-image\"><a href=\"https:\/\/i0.wp.com\/www.sidwaya.info\/wp-content\/uploads\/2020\/03\/siddocteurcrlv13.jpg?fit=456%2C520&amp;ssl=1\" data-caption=\"\"><img loading=\"lazy\" decoding=\"async\" width=\"456\" height=\"520\" class=\"entry-thumb td-modal-image\" src=\"https:\/\/i0.wp.com\/www.sidwaya.info\/wp-content\/uploads\/2020\/03\/siddocteurcrlv13.jpg?resize=456,520&amp;ssl=1\" srcset=\"https:\/\/i0.wp.com\/www.sidwaya.info\/wp-content\/uploads\/2020\/03\/siddocteurcrlv13.jpg?w=456&amp;ssl=1 456w, https:\/\/i0.wp.com\/www.sidwaya.info\/wp-content\/uploads\/2020\/03\/siddocteurcrlv13.jpg?resize=263%2C300&amp;ssl=1 263w, https:\/\/i0.wp.com\/www.sidwaya.info\/wp-content\/uploads\/2020\/03\/siddocteurcrlv13.jpg?resize=368%2C420&amp;ssl=1 368w\" sizes=\"auto, (max-width: 456px) 100vw, 456px\" alt=\"\" title=\"siddocteurcrlv13\"\/><\/a><\/div>\n<p><strong>Dans cette interview r\u00e9alis\u00e9e hire 12 mars 2020, le Dr Jean Charlemagne Kondombo, m\u00e9decin de sant\u00e9 publique, incident manager du COVID 19, donne des \u00e9claircissements sur la pr\u00e9vention et la riposte de la maladie.<\/strong><\/p>\n<p>Sidwaya (S): Deux patients atteints de coronavirus sont actuellement prise en charge au CHU de Tengandogo. Quel est leur \u00e9tat de sant\u00e9 ?<\/p>\n<p>Jean Charlemagne Kondombo (JCK): Les deux cas diagnostiqu\u00e9s positifs sont en isolement et pris en charge au CHU de Tengandogo par une \u00e9quipe pluridisciplinaire. A la date d\u2019aujourd\u2019hui, leur \u00e9tat de sant\u00e9 s\u2019am\u00e9liore et est stable.<\/p>\n<p>S: Cet \u00e9tablissement sanitaire est-il adapt\u00e9 \u00e0 donner des soins appropri\u00e9s aux malades ?<\/p>\n<p>JCK: Le choix s\u2019est port\u00e9 sur un site qu\u2019il fallait r\u00e9am\u00e9nager. C\u2019est ainsi que les premi\u00e8res autorit\u00e9s ont pris les dispositions pour que le site soit vite r\u00e9am\u00e9nag\u00e9 et soit accessible. Tous les patients qui seront d\u00e9tect\u00e9s vont b\u00e9n\u00e9ficier de la prise en charge dans ce centre. Ce dernier est r\u00e9ellement habilit\u00e9 \u00e0 prendre en charge de mani\u00e8re correcte tous les cas.<\/p>\n<p>S: Mais concr\u00e8tement, quel type de soins peut-on administrer \u00e0 un malade souffrant de COVID 19 ?<\/p>\n<p>JCK: La population doit \u00eatre rassur\u00e9e. Le COVID 19 est une maladie qui est tr\u00e8s peu connue, parce qu\u2019elle a subi des mutations. Mais je peux garantir que les soins administr\u00e9s aux malades peuvent les permettre de gu\u00e9rir. Donc, ce sont des soins ad\u00e9quats. Et pour lesquels, en dehors de ceux qui ont des facteurs de comorbidit\u00e9, tous les autres malades sont parfaitement g\u00e9r\u00e9s. Il y a une r\u00e9ponse qui est apport\u00e9e de mani\u00e8re efficiente \u00e0 chacun des patients qui viendrait \u00e0 \u00eatre diagnostiqu\u00e9 et qui pourrait b\u00e9n\u00e9ficier des soins \u00e0 tout moment. Ce sont les traitements asymptomatiques qui sont administr\u00e9s aux malades, parce qu\u2019il n\u2019y a pas de traitements sp\u00e9cifiques et ces derniers doivent \u00eatre adapt\u00e9s aux signes du malade. Pour les patients qui ont des facteurs de comorbidit\u00e9, il faut prendre en compte les diff\u00e9rentes maladies qu\u2019ils avaient auparavant avant d\u2019\u00eatre touch\u00e9 par le coronavirus. C\u2019est un traitement purement symptomatique et qui est tr\u00e8s efficace pour tous les cas d\u00e9tect\u00e9s.<\/p>\n<p>S: Donc, on peut gu\u00e9rir du COVID 19 ?<\/p>\n<p>JCK: Oui! C\u2019est possible si vous \u00eates bien pris en charge. Si, vous respecter toutes les mesures de confinement, vous avez de fortes chances de gu\u00e9rir.<\/p>\n<p>S. : De mani\u00e8re g\u00e9n\u00e9rale, ce sont les personnes \u00e2g\u00e9es qui sont les plus atteintes, est-ce \u00e0 dire que les enfants sont \u00e0 l\u2019abri ?<\/p>\n<p>JCK : Aucune personne n\u2019est \u00e9pargn\u00e9e par cette maladie. Aussi bien les personnes \u00e2g\u00e9es que les enfants peuvent \u00eatre touch\u00e9s \u00e0 tous les niveaux. C\u2019est donc la pr\u00e9vention qui prime. Et en termes de pr\u00e9vention, c\u2019est notamment le lavage r\u00e9gulier des mains \u00e0 l\u2019eau et au savon, l\u2019utilisation de gels hydro alcooliques, l\u2019usage de pochette pour \u00e9ternuer ou dans le pli du coude afin d\u2019\u00e9viter que des gouttelettes se propagent autour de vous. Il faut aussi faire tr\u00e8s attention \u00e0 la viande sauvage mal cuite.<\/p>\n<p>S. : Selon une certaine rumeur, les fortes chaleurs des pays du Sahel peuvent emp\u00eacher le virus de prosp\u00e9rer. Qu\u2019en dites-vous ?<\/p>\n<p>JCK : Je ne suis pas virologue, donc je ne peux pas vous dire assez sur la sensibilit\u00e9 du virus. Ce que je sais est qu\u2019il ne vit pas longtemps \u00e0 l\u2019air libre et \u00e0 l\u2019air sec. Il a une dur\u00e9e de vie de deux \u00e0 trois heures dans ces deux milieux. Ce faisant, s\u2019il y a de la chaleur, cela peut encore r\u00e9duire de mani\u00e8re cons\u00e9quente la dur\u00e9e de vie du virus.<\/p>\n<p>S. : Un plan de riposte de neuf milliards de F CFA a \u00e9t\u00e9 adopt\u00e9 par le gouvernement, comment sera-t-il d\u00e9ploy\u00e9 ?<\/p>\n<p>JCK : Ce plan de pr\u00e9paration de riposte ne concerne pas seulement le Burkina mais l\u2019ensemble des pays. Il permet de pr\u00e9voir \u00e0 court, moyen et long termes tout ce qui doit \u00eatre mis en \u0153uvre pour r\u00e9agir. En d\u2019autres termes, on peut le qualifier comme \u00e9tant des activit\u00e9s qui seront men\u00e9es pendant la phase pr\u00e9-\u00e9pid\u00e9mique, la phase \u00e9pid\u00e9mique et la phase post-\u00e9pid\u00e9mique.<br \/>Nous parlons de court, moyen et long termes parce que nous devons pouvoir r\u00e9agir contre cette maladie pour \u00e9viter sa propagation dans notre pays.<\/p>\n<p>S. : Un appel \u00e0 la population ?<\/p>\n<p>JCK : Que les populations restent en \u00e9troite collaboration avec les services de sant\u00e9. Il faut observer les mesures de pr\u00e9vention et de contr\u00f4le, en appliquant les mesures cit\u00e9es plus haut, en portant les masques de protection et en se mettant \u00e0 distance des personnes qui toussent. Lorsque vous rentrez d\u2019un pays touch\u00e9 par le coronavirus, il faut transmettre un relev\u00e9 de temp\u00e9rature \u00e0 un rythme de deux fois par jour aux services comp\u00e9tents, et observer les mesures d\u2019auto confinement en \u00e9vitant d\u2019exposer votre environnement imm\u00e9diat. Que la population suive les messages diffus\u00e9s \u00e0 travers les m\u00e9dias et \u00e0 se les approprier pour bien se pr\u00e9parer pour \u00e9viter cette maladie.<\/p>\n<p>Interview r\u00e9alis\u00e9e par Abdel Aziz Nabaloum<\/p>\n<div class=\"td-a-rec td-a-rec-id-content_bottom tdi_30_da6 td_block_template_1\"><img loading=\"lazy\" decoding=\"async\" class=\"aligncenter size-full wp-image-9623\" src=\"https:\/\/www.sidwaya.info\/wp-content\/uploads\/2019\/06\/Projet-bannie\u0300re-Orange-mobile.jpg\" alt=\"\" width=\"728\" height=\"81\"\/><\/div>\n<p>Auteur: BM. Sidwaya<br \/>\n<a href=\"https:\/\/www.sidwaya.info\/blog\/2020\/03\/12\/dr-jean-charlemagne-kondombo-medecin-de-sante-publique-incident-manager-du-covid-19\/\">Cliquez ici pour lire l&rsquo;article depuis sa source.<\/a><\/p>\n","protected":false},"excerpt":{"rendered":"<p>Dans cette interview r\u00e9alis\u00e9e hire 12 mars 2020, le Dr Jean Charlemagne Kondombo, m\u00e9decin de sant\u00e9 publique, incident manager du COVID 19, donne des \u00e9claircissements sur la pr\u00e9vention et la riposte de la maladie. Sidwaya (S): Deux patients atteints de coronavirus sont actuellement prise en charge au CHU de Tengandogo. Quel est leur \u00e9tat de [&hellip;]<\/p>\n","protected":false},"author":1816,"featured_media":0,"comment_status":"closed","ping_status":"closed","sticky":false,"template":"","format":"standard","meta":{"fifu_image_url":"","fifu_image_alt":"","footnotes":""},"categories":[73,81],"tags":[],"class_list":["post-78919","post","type-post","status-publish","format-standard","hentry","category-actualite","category-burkina-faso"],"_links":{"self":[{"href":"https:\/\/linitiative.ca\/International\/wp-json\/wp\/v2\/posts\/78919","targetHints":{"allow":["GET"]}}],"collection":[{"href":"https:\/\/linitiative.ca\/International\/wp-json\/wp\/v2\/posts"}],"about":[{"href":"https:\/\/linitiative.ca\/International\/wp-json\/wp\/v2\/types\/post"}],"author":[{"embeddable":true,"href":"https:\/\/linitiative.ca\/International\/wp-json\/wp\/v2\/users\/1816"}],"replies":[{"embeddable":true,"href":"https:\/\/linitiative.ca\/International\/wp-json\/wp\/v2\/comments?post=78919"}],"version-history":[{"count":0,"href":"https:\/\/linitiative.ca\/International\/wp-json\/wp\/v2\/posts\/78919\/revisions"}],"wp:attachment":[{"href":"https:\/\/linitiative.ca\/International\/wp-json\/wp\/v2\/media?parent=78919"}],"wp:term":[{"taxonomy":"category","embeddable":true,"href":"https:\/\/linitiative.ca\/International\/wp-json\/wp\/v2\/categories?post=78919"},{"taxonomy":"post_tag","embeddable":true,"href":"https:\/\/linitiative.ca\/International\/wp-json\/wp\/v2\/tags?post=78919"}],"curies":[{"name":"wp","href":"https:\/\/api.w.org\/{rel}","templated":true}]}}