{"id":78921,"date":"2020-03-12T16:18:03","date_gmt":"2020-03-12T20:18:03","guid":{"rendered":"https:\/\/linitiative.ca\/International\/les-sommets-a-saoudite-afrique-et-arabo-africain-reportes\/"},"modified":"2020-03-12T16:18:03","modified_gmt":"2020-03-12T20:18:03","slug":"les-sommets-a-saoudite-afrique-et-arabo-africain-reportes","status":"publish","type":"post","link":"https:\/\/linitiative.ca\/International\/les-sommets-a-saoudite-afrique-et-arabo-africain-reportes\/","title":{"rendered":"Les sommets A. Saoudite-Afrique et arabo-africain report\u00e9s"},"content":{"rendered":"<div readability=\"32\">\n<p>Publi\u00e9 le 12.03.2020 \u00e0 21h18 par APA News<\/p>\n<\/div>\n<div readability=\"59\">\n<p>Les sommets Arabie Saoudite-Afrique et arabo-africain, pr\u00e9vus initialement en Arabie Saoudite au cours du premier trimestre de cette ann\u00e9e, ont \u00e9t\u00e9 report\u00e9s en raison de la propagation du Coronavirus, a annonc\u00e9 jeudi le minist\u00e8re saoudien des Affaires \u00e9trang\u00e8res.Dans un communiqu\u00e9, le minist\u00e8re saoudien des Affaires \u00e9trang\u00e8res a indiqu\u00e9 que les deux sommets ont \u00e9t\u00e9 report\u00e9s \u00e0 une nouvelle date qui sera fix\u00e9e ult\u00e9rieurement, \u00ab dans le cadre des mesures pr\u00e9ventives prises par le Royaume d\u2019Arabie saoudite visant \u00e0 contenir la propagation du Coronavirus et aussi dans le contexte des efforts internationaux et conform\u00e9ment aux proc\u00e9dures recommand\u00e9es par les autorit\u00e9s sanitaires comp\u00e9tentes \u00bb.<\/p>\n<p>Cette d\u00e9cision a \u00e9t\u00e9 prise apr\u00e8s concertation avec la pr\u00e9sidence de la partie africaine, la Ligue des \u00c9tats arabes et l\u2019Union africaine, \u00e0 un moment o\u00f9 les efforts internationaux se conjuguent pour mettre en \u0153uvre des mesures sanitaires avanc\u00e9es qui prot\u00e8gent les citoyens des risques de cette pand\u00e9mie.<\/p>\n<p>Depuis l\u2019arriv\u00e9e du coronavirus, on recense 131.460 cas d\u2019infection, dont 4 923 d\u00e9c\u00e8s dans 116 pays et territoires, principalement en Chine, Italie, Iran et Cor\u00e9e du Sud.<\/p>\n<p>L\u2019OMS a qualifi\u00e9 l\u2019\u00e9pid\u00e9mie du Covid-19 de pand\u00e9mie et se dit \u00ab profond\u00e9ment pr\u00e9occup\u00e9e tant par les niveaux alarmants de propagation et de gravit\u00e9 que par les niveaux alarmants d\u2019inaction \u00bb dans le monde.<\/p>\n<\/div>\n<p>Auteur: APA News<br \/>\n<a href=\"https:\/\/www.journalducameroun.com\/les-sommets-a-saoudite-afrique-et-arabo-africain-reportes\/\">Cliquez ici pour lire l&rsquo;article depuis sa source.<\/a><\/p>\n","protected":false},"excerpt":{"rendered":"<p>Publi\u00e9 le 12.03.2020 \u00e0 21h18 par APA News Les sommets Arabie Saoudite-Afrique et arabo-africain, pr\u00e9vus initialement en Arabie Saoudite au cours du premier trimestre de cette ann\u00e9e, ont \u00e9t\u00e9 report\u00e9s en raison de la propagation du Coronavirus, a annonc\u00e9 jeudi le minist\u00e8re saoudien des Affaires \u00e9trang\u00e8res.Dans un communiqu\u00e9, le minist\u00e8re saoudien des Affaires \u00e9trang\u00e8res a [&hellip;]<\/p>\n","protected":false},"author":1965,"featured_media":0,"comment_status":"closed","ping_status":"closed","sticky":false,"template":"","format":"standard","meta":{"fifu_image_url":"","fifu_image_alt":"","footnotes":""},"categories":[73,82],"tags":[],"class_list":["post-78921","post","type-post","status-publish","format-standard","hentry","category-actualite","category-cameroun"],"_links":{"self":[{"href":"https:\/\/linitiative.ca\/International\/wp-json\/wp\/v2\/posts\/78921","targetHints":{"allow":["GET"]}}],"collection":[{"href":"https:\/\/linitiative.ca\/International\/wp-json\/wp\/v2\/posts"}],"about":[{"href":"https:\/\/linitiative.ca\/International\/wp-json\/wp\/v2\/types\/post"}],"author":[{"embeddable":true,"href":"https:\/\/linitiative.ca\/International\/wp-json\/wp\/v2\/users\/1965"}],"replies":[{"embeddable":true,"href":"https:\/\/linitiative.ca\/International\/wp-json\/wp\/v2\/comments?post=78921"}],"version-history":[{"count":0,"href":"https:\/\/linitiative.ca\/International\/wp-json\/wp\/v2\/posts\/78921\/revisions"}],"wp:attachment":[{"href":"https:\/\/linitiative.ca\/International\/wp-json\/wp\/v2\/media?parent=78921"}],"wp:term":[{"taxonomy":"category","embeddable":true,"href":"https:\/\/linitiative.ca\/International\/wp-json\/wp\/v2\/categories?post=78921"},{"taxonomy":"post_tag","embeddable":true,"href":"https:\/\/linitiative.ca\/International\/wp-json\/wp\/v2\/tags?post=78921"}],"curies":[{"name":"wp","href":"https:\/\/api.w.org\/{rel}","templated":true}]}}