{"id":78924,"date":"2020-03-12T17:18:07","date_gmt":"2020-03-12T21:18:07","guid":{"rendered":"https:\/\/linitiative.ca\/International\/covid-19-la-prevention-choix-naturel-pour-lafrique\/"},"modified":"2020-03-12T17:18:07","modified_gmt":"2020-03-12T21:18:07","slug":"covid-19-la-prevention-choix-naturel-pour-lafrique","status":"publish","type":"post","link":"https:\/\/linitiative.ca\/International\/covid-19-la-prevention-choix-naturel-pour-lafrique\/","title":{"rendered":"Covid-19 : la pr\u00e9vention, choix naturel pour l\u2019Afrique"},"content":{"rendered":"<div readability=\"32\">\n<p>Publi\u00e9 le 12.03.2020 \u00e0 22h18 par APA News<\/p>\n<\/div>\n<div readability=\"126\">\n<p>L\u2019Afrique, relativement touch\u00e9e par le coronavirus, enclenche une course contre la montre pour briser les cha\u00eenes de transmission de ce virus mortif\u00e8re.Le triste sort de l\u2019Italie, enti\u00e8rement mise en quarantaine, en dit long sur la puissance d\u00e9stabilisatrice du Covid-19. Cette maladie, dont le berceau est la ville de Wuhan (centre de la Chine), a mis \u00e0 genoux ce pays europ\u00e9en en un temps express.<\/p>\n<p>\u00ab Le pire sc\u00e9nario est que nous ayons des centaines de cas \u00bb, admet Aloyse Diouf, le Directeur de cabinet du ministre s\u00e9n\u00e9galais de la Sant\u00e9 et de l\u2019Action sociale. Pour ne pas arriver \u00e0 ce stade critique, Tedros Adhanom Ghebreyesus, le Directeur G\u00e9n\u00e9ral de l\u2019Organisation Mondiale de la Sant\u00e9 (OMS) pr\u00e9conise \u00ab une surveillance robuste pour trouver, isoler, tester et traiter chaque cas, afin de briser les cha\u00eenes de transmission \u00bb.<\/p>\n<p>Ce conseil, s\u2019il s\u2019adresse au monde entier, trouve toute sa pertinence en Afrique o\u00f9 tous les pays ne disposent pas des \u00e9quipements indispensables pour effectuer des tests fiables du coronavirus.<\/p>\n<p>De plus, une frange de la population africaine n\u2019a pas encore pris conscience de la gravit\u00e9 de la situation. Sur son compte Twitter, le pr\u00e9sident s\u00e9n\u00e9galais Macky Sall, dont le pays compte 4 cas, appelle ses compatriotes \u00ab au respect strict des consignes des services de sant\u00e9 et de s\u00e9curit\u00e9 pour \u00e9viter la propagation de la maladie \u00bb.<\/p>\n<p>Le m\u00e9decin Aloyse Diouf, pour faciliter la d\u00e9tection pr\u00e9coce des cas, recommande de se rendre \u00e0 la structure de sant\u00e9 la plus proche \u00ab quand vous avez des maux de t\u00eate, de la fi\u00e8vre ou des courbatures \u00bb.<\/p>\n<p>A lire aussi: Coronavirus: un couteau \u00e0 double tranchant pour les \u00e9conomies africaines<\/p>\n<p>La panique ambiante, notamment dans les pays d\u00e9velopp\u00e9s, autorise \u00e0 dire que l\u2019Afrique a tout int\u00e9r\u00eat \u00e0 contenir le Covid-19. Au-del\u00e0 du virus, la peur s\u2019est propag\u00e9e comme une tra\u00een\u00e9e de poudre sur la plan\u00e8te. Elle n\u2019\u00e9pargne m\u00eame pas l\u2019Australie voire les Etats-Unis.<\/p>\n<p>Cela se mat\u00e9rialise par des mesures draconiennes comme la fermeture des fronti\u00e8res, l\u2019interdiction de voyager dans les zones contamin\u00e9es pour les ressortissants, l\u2019entr\u00e9e interdite pour les passagers en provenance ou ayant transit\u00e9 par une ou plusieurs zones contamin\u00e9es.<\/p>\n<p>Des pays africains, de peur de porter un coup \u00e0 leur \u00e9conomie, tergiversent quant \u00e0 la strat\u00e9gie \u00e0 adopter. \u00ab Actuellement, le S\u00e9n\u00e9gal enregistre des cas import\u00e9s. Mais ils peuvent se transformer en cas communautaires. Il faudrait limiter l\u2019arriv\u00e9e des populations en provenance des zones \u00e0 risque \u00bb, tranche Dr Amadou Y\u00e9ri Camara, le Secr\u00e9taire G\u00e9n\u00e9ral du Syndicat autonome des m\u00e9decins du S\u00e9n\u00e9gal (Sames).<\/p>\n<p>A lire aussi: Nigeria: le coronavirus plombe les hydrocarbures<\/p>\n<p>En tout cas, la Mauritanie, la Sierra Leone, la Somalie, Madagascar, l\u2019Ile Maurice, les Comores et les Seychelles n\u2019ont pas tard\u00e9 \u00e0 appliquer des restrictions de circulation. Au total, douze pays africains sont, en ce moment, concern\u00e9s par la pand\u00e9mie : Egypte (67 cas), Alg\u00e9rie (24 cas), Afrique du Sud (17 cas), Tunisie (7 cas), Maroc (6 cas), S\u00e9n\u00e9gal (8 cas), Cameroun (2 cas), Burkina Faso (2 cas), Nigeria (2 cas), Togo (1 cas), R\u00e9publique D\u00e9mocratique du Congo (1 cas) et C\u00f4te d\u2019Ivoire (1 cas).<\/p>\n<\/div>\n<p>Auteur: APA News<br \/>\n<a href=\"https:\/\/www.journalducameroun.com\/covid-19-la-prevention-choix-naturel-pour-lafrique\/\">Cliquez ici pour lire l&rsquo;article depuis sa source.<\/a><\/p>\n","protected":false},"excerpt":{"rendered":"<p>Publi\u00e9 le 12.03.2020 \u00e0 22h18 par APA News L\u2019Afrique, relativement touch\u00e9e par le coronavirus, enclenche une course contre la montre pour briser les cha\u00eenes de transmission de ce virus mortif\u00e8re.Le triste sort de l\u2019Italie, enti\u00e8rement mise en quarantaine, en dit long sur la puissance d\u00e9stabilisatrice du Covid-19. Cette maladie, dont le berceau est la ville [&hellip;]<\/p>\n","protected":false},"author":1965,"featured_media":0,"comment_status":"closed","ping_status":"closed","sticky":false,"template":"","format":"standard","meta":{"fifu_image_url":"","fifu_image_alt":"","footnotes":""},"categories":[73,82],"tags":[],"class_list":["post-78924","post","type-post","status-publish","format-standard","hentry","category-actualite","category-cameroun"],"_links":{"self":[{"href":"https:\/\/linitiative.ca\/International\/wp-json\/wp\/v2\/posts\/78924","targetHints":{"allow":["GET"]}}],"collection":[{"href":"https:\/\/linitiative.ca\/International\/wp-json\/wp\/v2\/posts"}],"about":[{"href":"https:\/\/linitiative.ca\/International\/wp-json\/wp\/v2\/types\/post"}],"author":[{"embeddable":true,"href":"https:\/\/linitiative.ca\/International\/wp-json\/wp\/v2\/users\/1965"}],"replies":[{"embeddable":true,"href":"https:\/\/linitiative.ca\/International\/wp-json\/wp\/v2\/comments?post=78924"}],"version-history":[{"count":0,"href":"https:\/\/linitiative.ca\/International\/wp-json\/wp\/v2\/posts\/78924\/revisions"}],"wp:attachment":[{"href":"https:\/\/linitiative.ca\/International\/wp-json\/wp\/v2\/media?parent=78924"}],"wp:term":[{"taxonomy":"category","embeddable":true,"href":"https:\/\/linitiative.ca\/International\/wp-json\/wp\/v2\/categories?post=78924"},{"taxonomy":"post_tag","embeddable":true,"href":"https:\/\/linitiative.ca\/International\/wp-json\/wp\/v2\/tags?post=78924"}],"curies":[{"name":"wp","href":"https:\/\/api.w.org\/{rel}","templated":true}]}}