{"id":78925,"date":"2020-03-12T17:18:09","date_gmt":"2020-03-12T21:18:09","guid":{"rendered":"https:\/\/linitiative.ca\/International\/maroc-le-liberia-ouvre-un-consulat-general-a-dakhla\/"},"modified":"2020-03-12T17:18:09","modified_gmt":"2020-03-12T21:18:09","slug":"maroc-le-liberia-ouvre-un-consulat-general-a-dakhla","status":"publish","type":"post","link":"https:\/\/linitiative.ca\/International\/maroc-le-liberia-ouvre-un-consulat-general-a-dakhla\/","title":{"rendered":"Maroc : Le Liberia ouvre un consulat g\u00e9n\u00e9ral \u00e0 Dakhla"},"content":{"rendered":"<div readability=\"32\">\n<p>Publi\u00e9 le 12.03.2020 \u00e0 22h18 par APA News<\/p>\n<\/div>\n<div readability=\"62\">\n<p>La R\u00e9publique du Liberia a ouvert, jeudi, un consulat g\u00e9n\u00e9ral \u00e0 Dakhla, lors d\u2019une c\u00e9r\u00e9monie co-pr\u00e9sid\u00e9e par le ministre marocain des Affaires \u00e9trang\u00e8res, Nasser Bourita, et son homologue lib\u00e9rien, Gbehzohngar Findley.Il s\u2019agit de la 4\u00e8me repr\u00e9sentation consulaire inaugur\u00e9e \u00e0 Dakhla en 2020, apr\u00e8s le consulat g\u00e9n\u00e9ral de Djibouti, le consulat g\u00e9n\u00e9ral de Gambie, et le consulat g\u00e9n\u00e9ral de la Guin\u00e9e.<\/p>\n<p>L\u2019ouverture d\u2019un consulat g\u00e9n\u00e9ral de la R\u00e9publique du Liberia \u00e0 Dakhla refl\u00e8te l\u2019engagement du pays \u00e0 soutenir l\u2019int\u00e9grit\u00e9 territoriale du Maroc, a soulign\u00e9 jeudi \u00e0 Dakhla, le ministre des Affaires \u00e9trang\u00e8res du Liberia, Gbehzohngar Findley.<\/p>\n<p>Le Liberia soutient \u00ab l\u2019int\u00e9grit\u00e9 territoriale et les droits du Maroc \u00bb, a indiqu\u00e9 M. Findley lors d\u2019un point de presse conjoint avec son homologue marocain.<\/p>\n<p>L\u2019inauguration de cette repr\u00e9sentation diplomatique est de nature \u00e0 renforcer les relations avec le Maroc, a soutenu le chef de la diplomatie lib\u00e9rienne, notant qu\u2019elle servira la communaut\u00e9 lib\u00e9rienne dans la r\u00e9gion et contribuera \u00e0 la consolidation de la coop\u00e9ration entre les deux pays.<\/p>\n<\/div>\n<p>Auteur: APA News<br \/>\n<a href=\"https:\/\/www.journalducameroun.com\/maroc-le-liberia-ouvre-un-consulat-general-a-dakhla\/\">Cliquez ici pour lire l&rsquo;article depuis sa source.<\/a><\/p>\n","protected":false},"excerpt":{"rendered":"<p>Publi\u00e9 le 12.03.2020 \u00e0 22h18 par APA News La R\u00e9publique du Liberia a ouvert, jeudi, un consulat g\u00e9n\u00e9ral \u00e0 Dakhla, lors d\u2019une c\u00e9r\u00e9monie co-pr\u00e9sid\u00e9e par le ministre marocain des Affaires \u00e9trang\u00e8res, Nasser Bourita, et son homologue lib\u00e9rien, Gbehzohngar Findley.Il s\u2019agit de la 4\u00e8me repr\u00e9sentation consulaire inaugur\u00e9e \u00e0 Dakhla en 2020, apr\u00e8s le consulat g\u00e9n\u00e9ral de [&hellip;]<\/p>\n","protected":false},"author":1965,"featured_media":0,"comment_status":"closed","ping_status":"closed","sticky":false,"template":"","format":"standard","meta":{"fifu_image_url":"","fifu_image_alt":"","footnotes":""},"categories":[73,82],"tags":[],"class_list":["post-78925","post","type-post","status-publish","format-standard","hentry","category-actualite","category-cameroun"],"_links":{"self":[{"href":"https:\/\/linitiative.ca\/International\/wp-json\/wp\/v2\/posts\/78925","targetHints":{"allow":["GET"]}}],"collection":[{"href":"https:\/\/linitiative.ca\/International\/wp-json\/wp\/v2\/posts"}],"about":[{"href":"https:\/\/linitiative.ca\/International\/wp-json\/wp\/v2\/types\/post"}],"author":[{"embeddable":true,"href":"https:\/\/linitiative.ca\/International\/wp-json\/wp\/v2\/users\/1965"}],"replies":[{"embeddable":true,"href":"https:\/\/linitiative.ca\/International\/wp-json\/wp\/v2\/comments?post=78925"}],"version-history":[{"count":0,"href":"https:\/\/linitiative.ca\/International\/wp-json\/wp\/v2\/posts\/78925\/revisions"}],"wp:attachment":[{"href":"https:\/\/linitiative.ca\/International\/wp-json\/wp\/v2\/media?parent=78925"}],"wp:term":[{"taxonomy":"category","embeddable":true,"href":"https:\/\/linitiative.ca\/International\/wp-json\/wp\/v2\/categories?post=78925"},{"taxonomy":"post_tag","embeddable":true,"href":"https:\/\/linitiative.ca\/International\/wp-json\/wp\/v2\/tags?post=78925"}],"curies":[{"name":"wp","href":"https:\/\/api.w.org\/{rel}","templated":true}]}}