{"id":78926,"date":"2020-03-12T02:19:41","date_gmt":"2020-03-12T06:19:41","guid":{"rendered":"https:\/\/linitiative.ca\/International\/coronavirus-donald-trump-place-leurope-en-quarantaine-pour-30-jours\/"},"modified":"2020-03-12T02:19:41","modified_gmt":"2020-03-12T06:19:41","slug":"coronavirus-donald-trump-place-leurope-en-quarantaine-pour-30-jours","status":"publish","type":"post","link":"https:\/\/linitiative.ca\/International\/coronavirus-donald-trump-place-leurope-en-quarantaine-pour-30-jours\/","title":{"rendered":"Coronavirus: Donald Trump place l\u2019Europe en quarantaine pour 30 jours"},"content":{"rendered":"<div class=\"featured-area featured-area-inner\"><img loading=\"lazy\" decoding=\"async\" width=\"780\" height=\"405\" src=\"https:\/\/i2.wp.com\/ecomatin.net\/wp-content\/uploads\/2020\/03\/IMG_20200312_071841.jpg?resize=780,405&amp;ssl=1&amp;is-pending-load=1\" class=\"attachment-jannah-image-post size-jannah-image-post wp-post-image jetpack-lazy-image\" alt=\"\" srcset=\"data:image\/gif;base64,R0lGODlhAQABAIAAAAAAAP\/\/\/yH5BAEAAAAALAAAAAABAAEAAAIBRAA7\"\/><\/div>\n<div class=\"entry-content entry clearfix\" readability=\"36.6396181384\">\n<p>Donald Trump a annonc\u00e9 hier mercredi soir lors d\u2019une allocution solennelle la suspension pour 30 jours \u00e0 partir de vendredi de tous les voyages depuis l\u2019Europe vers les \u00c9tats-Unis pour endiguer l\u2019\u00e9pid\u00e9mie de nouveau coronavirus.<\/p>\n<p>Cette nouvelle mesure entrera en vigueur vendredi \u00e0 00H00 locales. Elle ne concerne pas le Royaume-Uni, a pr\u00e9cis\u00e9 Donald Trump.<\/p>\n<div class=\"sharedaddy sd-sharing-enabled robots-nocontent sd-block sd-social sd-social-icon-text sd-sharing\">\n<h3 class=\"sd-title\">Partager\u00a0:<\/h3>\n<\/div>\n<p><h3 class=\"jp-relatedposts-headline\"><em>Articles similaires<\/em><\/h3>\n<\/p>\n<\/div>\n<div class=\"toggle-post-content clearfix\"><a id=\"toggle-post-button\" class=\"button\" href=\"#\">Afficher plus <\/a><\/div>\n<p>Auteur: Emile FIDIECK<br \/>\n<a href=\"https:\/\/ecomatin.net\/coronavirus-donald-trump-place-leurope-en-quarantaine-pour-30-jours\/\">Cliquez ici pour lire l&rsquo;article depuis sa source.<\/a><\/p>\n","protected":false},"excerpt":{"rendered":"<p>Donald Trump a annonc\u00e9 hier mercredi soir lors d\u2019une allocution solennelle la suspension pour 30 jours \u00e0 partir de vendredi de tous les voyages depuis l\u2019Europe vers les \u00c9tats-Unis pour endiguer l\u2019\u00e9pid\u00e9mie de nouveau coronavirus. Cette nouvelle mesure entrera en vigueur vendredi \u00e0 00H00 locales. Elle ne concerne pas le Royaume-Uni, a pr\u00e9cis\u00e9 Donald Trump. [&hellip;]<\/p>\n","protected":false},"author":1969,"featured_media":0,"comment_status":"closed","ping_status":"closed","sticky":false,"template":"","format":"standard","meta":{"fifu_image_url":"","fifu_image_alt":"","footnotes":""},"categories":[82,78],"tags":[],"class_list":["post-78926","post","type-post","status-publish","format-standard","hentry","category-cameroun","category-economie"],"_links":{"self":[{"href":"https:\/\/linitiative.ca\/International\/wp-json\/wp\/v2\/posts\/78926","targetHints":{"allow":["GET"]}}],"collection":[{"href":"https:\/\/linitiative.ca\/International\/wp-json\/wp\/v2\/posts"}],"about":[{"href":"https:\/\/linitiative.ca\/International\/wp-json\/wp\/v2\/types\/post"}],"author":[{"embeddable":true,"href":"https:\/\/linitiative.ca\/International\/wp-json\/wp\/v2\/users\/1969"}],"replies":[{"embeddable":true,"href":"https:\/\/linitiative.ca\/International\/wp-json\/wp\/v2\/comments?post=78926"}],"version-history":[{"count":0,"href":"https:\/\/linitiative.ca\/International\/wp-json\/wp\/v2\/posts\/78926\/revisions"}],"wp:attachment":[{"href":"https:\/\/linitiative.ca\/International\/wp-json\/wp\/v2\/media?parent=78926"}],"wp:term":[{"taxonomy":"category","embeddable":true,"href":"https:\/\/linitiative.ca\/International\/wp-json\/wp\/v2\/categories?post=78926"},{"taxonomy":"post_tag","embeddable":true,"href":"https:\/\/linitiative.ca\/International\/wp-json\/wp\/v2\/tags?post=78926"}],"curies":[{"name":"wp","href":"https:\/\/api.w.org\/{rel}","templated":true}]}}