{"id":78927,"date":"2020-03-13T08:23:48","date_gmt":"2020-03-13T12:23:48","guid":{"rendered":"https:\/\/linitiative.ca\/International\/dar-el-kabdani-fin-de-parcours-pour-un-baron-de-la-drogue\/"},"modified":"2020-03-13T08:23:48","modified_gmt":"2020-03-13T12:23:48","slug":"dar-el-kabdani-fin-de-parcours-pour-un-baron-de-la-drogue","status":"publish","type":"post","link":"https:\/\/linitiative.ca\/International\/dar-el-kabdani-fin-de-parcours-pour-un-baron-de-la-drogue\/","title":{"rendered":"Dar El Kabdani : Fin de parcours  pour un baron de la drogue"},"content":{"rendered":"<header>\n<\/header>\n<div class=\"entry-content clearfix\" readability=\"52\"><img decoding=\"async\" class=\"post_layout_5_img\" src=\"http:\/\/aujourdhui.ma\/wp-content\/uploads\/2019\/12\/Drogue-Arrestation-haschich.jpg?x29840\" alt=\"Dar El Kabdani : Fin de parcours pour un baron de la drogue\"\/><\/p>\n<p class=\"p1\"><span class=\"s1\"><span class=\"c4\"><strong>A Dar El Kabdani relevant de la province de Driouch, situ\u00e9e \u00e0 une cinquantaine de kilom\u00e8tres de la ville de Nador, les \u00e9l\u00e9ments de la gendarmerie royale ont arr\u00eat\u00e9 un trafiquant de drogue \u00e0 l\u2019\u00e9chelle internationale qui faisait l\u2019objet de plusieurs notes de recherche \u00e0 l\u2019\u00e9chelle nationale.<\/strong><\/span><\/span> <span id=\"more-336700\"\/><\/p>\n<p class=\"p1\"><span class=\"s1\">Ce dernier a pu rester, durant plusieurs mois, loin des yeux des limiers qui le recherchaient activement. Toutefois, en fin de la semaine derni\u00e8re, une information est parvenue aux gendarmes faisant \u00e9tat que ce dangereux trafiquant allait passer, \u00e0 bord de sa voiture, par une route non loin de la r\u00e9gion de Tazaghine qui s\u2019\u00e9loigne d\u2019une trentaine de kilom\u00e8tres de Dar El Kabdani.<\/span><\/p>\n<p class=\"p1\"><span class=\"s1\">Localis\u00e9, une course-poursuite s\u2019est engag\u00e9e avec lui et a fini par son arrestation. Dans sa voiture les gendarmes ont d\u00e9couvert plus de 70 kg de haschich bien emball\u00e9s.<\/span><\/p>\n<\/div>\n<p>Auteur: Abderrafii ALOUMLIKI<br \/>\n<a href=\"http:\/\/aujourdhui.ma\/faits-divers\/dar-el-kabdani-fin-de-parcours-pour-un-baron-de-la-drogue\">Cliquez ici pour lire l&rsquo;article depuis sa source.<\/a><\/p>\n","protected":false},"excerpt":{"rendered":"<p>A Dar El Kabdani relevant de la province de Driouch, situ\u00e9e \u00e0 une cinquantaine de kilom\u00e8tres de la ville de Nador, les \u00e9l\u00e9ments de la gendarmerie royale ont arr\u00eat\u00e9 un trafiquant de drogue \u00e0 l\u2019\u00e9chelle internationale qui faisait l\u2019objet de plusieurs notes de recherche \u00e0 l\u2019\u00e9chelle nationale. Ce dernier a pu rester, durant plusieurs mois, [&hellip;]<\/p>\n","protected":false},"author":1759,"featured_media":0,"comment_status":"closed","ping_status":"closed","sticky":false,"template":"","format":"standard","meta":{"fifu_image_url":"","fifu_image_alt":"","footnotes":""},"categories":[73,54],"tags":[],"class_list":["post-78927","post","type-post","status-publish","format-standard","hentry","category-actualite","category-maroc"],"_links":{"self":[{"href":"https:\/\/linitiative.ca\/International\/wp-json\/wp\/v2\/posts\/78927","targetHints":{"allow":["GET"]}}],"collection":[{"href":"https:\/\/linitiative.ca\/International\/wp-json\/wp\/v2\/posts"}],"about":[{"href":"https:\/\/linitiative.ca\/International\/wp-json\/wp\/v2\/types\/post"}],"author":[{"embeddable":true,"href":"https:\/\/linitiative.ca\/International\/wp-json\/wp\/v2\/users\/1759"}],"replies":[{"embeddable":true,"href":"https:\/\/linitiative.ca\/International\/wp-json\/wp\/v2\/comments?post=78927"}],"version-history":[{"count":0,"href":"https:\/\/linitiative.ca\/International\/wp-json\/wp\/v2\/posts\/78927\/revisions"}],"wp:attachment":[{"href":"https:\/\/linitiative.ca\/International\/wp-json\/wp\/v2\/media?parent=78927"}],"wp:term":[{"taxonomy":"category","embeddable":true,"href":"https:\/\/linitiative.ca\/International\/wp-json\/wp\/v2\/categories?post=78927"},{"taxonomy":"post_tag","embeddable":true,"href":"https:\/\/linitiative.ca\/International\/wp-json\/wp\/v2\/tags?post=78927"}],"curies":[{"name":"wp","href":"https:\/\/api.w.org\/{rel}","templated":true}]}}