{"id":78928,"date":"2020-03-13T08:30:13","date_gmt":"2020-03-13T12:30:13","guid":{"rendered":"https:\/\/linitiative.ca\/International\/khemisset-un-menuisier-tue-sa-bien-aimee-et-se-donne-la-mort\/"},"modified":"2020-03-13T08:30:13","modified_gmt":"2020-03-13T12:30:13","slug":"khemisset-un-menuisier-tue-sa-bien-aimee-et-se-donne-la-mort","status":"publish","type":"post","link":"https:\/\/linitiative.ca\/International\/khemisset-un-menuisier-tue-sa-bien-aimee-et-se-donne-la-mort\/","title":{"rendered":"Khemisset : Un menuisier tue sa  bien-aim\u00e9e  et se donne la mort"},"content":{"rendered":"<header>\n<\/header>\n<div class=\"entry-content clearfix\" readability=\"53\"><img decoding=\"async\" class=\"post_layout_5_img\" src=\"http:\/\/aujourdhui.ma\/wp-content\/uploads\/2017\/01\/Crime-cadavre.jpg?x29840\" alt=\"Khemisset : Un menuisier tue sa bien-aim&#xE9;e et se donne la mort\"\/><\/p>\n<p class=\"p1\"><span class=\"s1\"><span class=\"c4\"><strong>En pleine rue, \u00e0 Kh\u00e9misset un menuisier, \u00e2g\u00e9 de cinquante-deux ans, a mis fin \u00e0 la vie de sa bien-aim\u00e9e avant de se donner la mort.<\/strong><\/span><\/span><span id=\"more-336688\"\/><\/p>\n<p class=\"p1\"><span class=\"s1\">En fait, personne n\u2019a \u00e9t\u00e9 t\u00e9moin du crime puisqu\u2019il n\u2019y avait pas de riverain sur les lieux. Les enqu\u00eateurs de la s\u00fbret\u00e9 de Kh\u00e9misset qui s\u2019\u00e9taient d\u00e9p\u00each\u00e9s sur la sc\u00e8ne de crime ont remarqu\u00e9 que la d\u00e9funte a \u00e9t\u00e9 \u00e9trangl\u00e9e \u00e0 mort par son foulard.<\/span><\/p>\n<p class=\"p1\"><span class=\"s1\">Menant aussit\u00f4t les investigations n\u00e9cessaires, ils sont arriv\u00e9s \u00e0 identifier l\u2019auteur du crime qui n\u2019est autre que son amant. Rapidement, les limiers se sont lanc\u00e9s \u00e0 sa recherche dans les quatre coins de la ville avant d\u2019apprendre qu\u2019il est rentr\u00e9 chez lui. Se d\u00e9p\u00eachant sur son domicile, ils l\u2019ont d\u00e9couvert pendu.<\/span><\/p>\n<p class=\"p1\"><span class=\"s1\">Bref, il a tristement mis fin \u00e0 sa vie ainsi qu\u2019\u00e0 son histoire d\u2019amour. Les deux cadavres ont \u00e9t\u00e9 \u00e9vacu\u00e9s vers la morgue de l\u2019h\u00f4pital provincial de la ville afin d\u2019\u00eatre autopsi\u00e9s.<\/span><\/p>\n<\/div>\n<p>Auteur: Abderrafii ALOUMLIKI<br \/>\n<a href=\"http:\/\/aujourdhui.ma\/faits-divers\/khemisset-un-menuisier-tue-sa-bien-aimee-et-se-donne-la-mort\">Cliquez ici pour lire l&rsquo;article depuis sa source.<\/a><\/p>\n","protected":false},"excerpt":{"rendered":"<p>En pleine rue, \u00e0 Kh\u00e9misset un menuisier, \u00e2g\u00e9 de cinquante-deux ans, a mis fin \u00e0 la vie de sa bien-aim\u00e9e avant de se donner la mort. En fait, personne n\u2019a \u00e9t\u00e9 t\u00e9moin du crime puisqu\u2019il n\u2019y avait pas de riverain sur les lieux. Les enqu\u00eateurs de la s\u00fbret\u00e9 de Kh\u00e9misset qui s\u2019\u00e9taient d\u00e9p\u00each\u00e9s sur la [&hellip;]<\/p>\n","protected":false},"author":1759,"featured_media":0,"comment_status":"closed","ping_status":"closed","sticky":false,"template":"","format":"standard","meta":{"fifu_image_url":"","fifu_image_alt":"","footnotes":""},"categories":[73,54],"tags":[],"class_list":["post-78928","post","type-post","status-publish","format-standard","hentry","category-actualite","category-maroc"],"_links":{"self":[{"href":"https:\/\/linitiative.ca\/International\/wp-json\/wp\/v2\/posts\/78928","targetHints":{"allow":["GET"]}}],"collection":[{"href":"https:\/\/linitiative.ca\/International\/wp-json\/wp\/v2\/posts"}],"about":[{"href":"https:\/\/linitiative.ca\/International\/wp-json\/wp\/v2\/types\/post"}],"author":[{"embeddable":true,"href":"https:\/\/linitiative.ca\/International\/wp-json\/wp\/v2\/users\/1759"}],"replies":[{"embeddable":true,"href":"https:\/\/linitiative.ca\/International\/wp-json\/wp\/v2\/comments?post=78928"}],"version-history":[{"count":0,"href":"https:\/\/linitiative.ca\/International\/wp-json\/wp\/v2\/posts\/78928\/revisions"}],"wp:attachment":[{"href":"https:\/\/linitiative.ca\/International\/wp-json\/wp\/v2\/media?parent=78928"}],"wp:term":[{"taxonomy":"category","embeddable":true,"href":"https:\/\/linitiative.ca\/International\/wp-json\/wp\/v2\/categories?post=78928"},{"taxonomy":"post_tag","embeddable":true,"href":"https:\/\/linitiative.ca\/International\/wp-json\/wp\/v2\/tags?post=78928"}],"curies":[{"name":"wp","href":"https:\/\/api.w.org\/{rel}","templated":true}]}}