{"id":78930,"date":"2020-03-13T10:04:41","date_gmt":"2020-03-13T14:04:41","guid":{"rendered":"https:\/\/linitiative.ca\/International\/coronavirus-un-7e-cas-confirme-au-maroc\/"},"modified":"2020-03-13T10:04:41","modified_gmt":"2020-03-13T14:04:41","slug":"coronavirus-un-7e-cas-confirme-au-maroc","status":"publish","type":"post","link":"https:\/\/linitiative.ca\/International\/coronavirus-un-7e-cas-confirme-au-maroc\/","title":{"rendered":"Coronavirus : Un 7\u00e8 cas confirm\u00e9 au Maroc"},"content":{"rendered":"<header>\n<\/header>\n<div class=\"entry-content clearfix\" readability=\"50\"><img decoding=\"async\" class=\"post_layout_5_img\" src=\"http:\/\/aujourdhui.ma\/wp-content\/uploads\/2020\/03\/Hopital-Coronavirus.jpg?x29840\" alt=\"Coronavirus : Un 7&#xE8; cas confirm&#xE9; au Maroc\"\/><\/p>\n<p><span class=\"c4\"><strong>Un septi\u00e8me cas confirm\u00e9 de contamination au nouveau coronavirus (Covid-19) a \u00e9t\u00e9 enregistr\u00e9 au Maroc, annonce vendredi le minist\u00e8re de la Sant\u00e9<\/strong><\/span><\/p>\n<p><span id=\"more-336710\"\/><br \/>Il s\u2019agit d\u2019un citoyen marocain \u00e2g\u00e9 de 39 ans arriv\u00e9 \u00e0 Casablanca le 4 mars en provenance d\u2019Espagne et qui s\u2019est pr\u00e9sent\u00e9 \u00e0 l\u2019h\u00f4pital suite \u00e0 des sympt\u00f4mes respiratoires, pr\u00e9cise le minist\u00e8re dans un communiqu\u00e9, faisant savoir que le staff m\u00e9dical ayant suspect\u00e9 une infection au virus, les proc\u00e9dures sanitaires en vigueurs ont \u00e9t\u00e9 appliqu\u00e9es et les analyses effectu\u00e9es au laboratoire de l\u2019institut Pasteur-Maroc ont confirm\u00e9 sa contamination.<\/p>\n<p>Le patient est actuellement sous assistance m\u00e9dicale dans un h\u00f4pital de Casablanca o\u00f9 il est pris en charge conform\u00e9ment aux mesures sanitaires en vigueur, souligne le communiqu\u00e9.<\/p>\n<p>Le minist\u00e8re affirme que ses services prennent les dispositions n\u00e9cessaires face \u00e0 ce genre de cas, conform\u00e9ment aux normes de sant\u00e9 nationales et internationales.<\/p>\n<\/div>\n<p>Auteur: ALM<br \/>\n<a href=\"http:\/\/aujourdhui.ma\/societe\/coronavirus-un-7e-cas-confirme-au-maroc\">Cliquez ici pour lire l&rsquo;article depuis sa source.<\/a><\/p>\n","protected":false},"excerpt":{"rendered":"<p>Un septi\u00e8me cas confirm\u00e9 de contamination au nouveau coronavirus (Covid-19) a \u00e9t\u00e9 enregistr\u00e9 au Maroc, annonce vendredi le minist\u00e8re de la Sant\u00e9 Il s\u2019agit d\u2019un citoyen marocain \u00e2g\u00e9 de 39 ans arriv\u00e9 \u00e0 Casablanca le 4 mars en provenance d\u2019Espagne et qui s\u2019est pr\u00e9sent\u00e9 \u00e0 l\u2019h\u00f4pital suite \u00e0 des sympt\u00f4mes respiratoires, pr\u00e9cise le minist\u00e8re dans [&hellip;]<\/p>\n","protected":false},"author":1759,"featured_media":0,"comment_status":"closed","ping_status":"closed","sticky":false,"template":"","format":"standard","meta":{"fifu_image_url":"","fifu_image_alt":"","footnotes":""},"categories":[73,54],"tags":[],"class_list":["post-78930","post","type-post","status-publish","format-standard","hentry","category-actualite","category-maroc"],"_links":{"self":[{"href":"https:\/\/linitiative.ca\/International\/wp-json\/wp\/v2\/posts\/78930","targetHints":{"allow":["GET"]}}],"collection":[{"href":"https:\/\/linitiative.ca\/International\/wp-json\/wp\/v2\/posts"}],"about":[{"href":"https:\/\/linitiative.ca\/International\/wp-json\/wp\/v2\/types\/post"}],"author":[{"embeddable":true,"href":"https:\/\/linitiative.ca\/International\/wp-json\/wp\/v2\/users\/1759"}],"replies":[{"embeddable":true,"href":"https:\/\/linitiative.ca\/International\/wp-json\/wp\/v2\/comments?post=78930"}],"version-history":[{"count":0,"href":"https:\/\/linitiative.ca\/International\/wp-json\/wp\/v2\/posts\/78930\/revisions"}],"wp:attachment":[{"href":"https:\/\/linitiative.ca\/International\/wp-json\/wp\/v2\/media?parent=78930"}],"wp:term":[{"taxonomy":"category","embeddable":true,"href":"https:\/\/linitiative.ca\/International\/wp-json\/wp\/v2\/categories?post=78930"},{"taxonomy":"post_tag","embeddable":true,"href":"https:\/\/linitiative.ca\/International\/wp-json\/wp\/v2\/tags?post=78930"}],"curies":[{"name":"wp","href":"https:\/\/api.w.org\/{rel}","templated":true}]}}