{"id":78931,"date":"2020-03-13T10:05:25","date_gmt":"2020-03-13T14:05:25","guid":{"rendered":"https:\/\/linitiative.ca\/International\/laki-amendis-reaffirme-son-engagement-rse-et-en-faveur-de-lentrepreneuriat-feminin\/"},"modified":"2020-03-13T10:05:25","modified_gmt":"2020-03-13T14:05:25","slug":"laki-amendis-reaffirme-son-engagement-rse-et-en-faveur-de-lentrepreneuriat-feminin","status":"publish","type":"post","link":"https:\/\/linitiative.ca\/International\/laki-amendis-reaffirme-son-engagement-rse-et-en-faveur-de-lentrepreneuriat-feminin\/","title":{"rendered":"\u00abLaki\u00bb : Amendis r\u00e9affirme son engagement RSE  et en faveur de l\u2019entrepreneuriat f\u00e9minin"},"content":{"rendered":"<header>\n<\/header>\n<div class=\"entry-content clearfix\" readability=\"63\"><img decoding=\"async\" class=\"post_layout_5_img\" src=\"http:\/\/aujourdhui.ma\/wp-content\/uploads\/2020\/03\/Amendis.jpg?x29840\" alt=\"&#xAB;Laki&#xBB; : Amendis r&#xE9;affirme son engagement RSE et en faveur de l&#x2019;entrepreneuriat f&#xE9;minin\"\/><\/p>\n<p class=\"p1\"><span class=\"c5\"><strong><span class=\"s1 c4\"><em>Un programme concoct\u00e9 \u00e0 l\u2019occasion de la journ\u00e9e internationale de la femme<\/em><\/span><\/strong><\/span> <span id=\"more-336611\"\/><\/p>\n<p class=\"p1\">Amendis poursuit sa mobilisation pour promouvoir l\u2019\u00e9galit\u00e9 des droits des femmes et am\u00e9liorer leurs conditions de vie. A cet effet, la filiale de Veolia Environnement Maroc vient d\u2019annoncer le lancement d\u2019un nouveau programme baptis\u00e9 \u00abLaki\u00bb, d\u00e9di\u00e9 aux femmes en g\u00e9n\u00e9ral sur le territoire r\u00e9gional. <em>\u00abC\u2019est un programme de subvention des initiatives locales de la soci\u00e9t\u00e9 civile en faveur des femmes\u00bb<\/em>, selon les initiateurs de ce projet au sein d\u2019Amendis.<\/p>\n<p class=\"p1\">\u00abLaki\u00bb est lanc\u00e9, fait savoir la m\u00eame source, \u00e0 l\u2019occasion de la journ\u00e9e internationale de la femme et s\u2019inscrit dans le cadre de ses engagements soci\u00e9taux. <em>\u00abCette initiative r\u00e9affirme l\u2019engagement d\u2019Amendis dans une d\u00e9marche de responsabilit\u00e9 soci\u00e9tale et r\u00e9affirme son soutien \u00e0 l\u2019empowerment des femmes\u00bb<\/em>, pr\u00e9cise un communiqu\u00e9 \u00e9mis derni\u00e8rement par Amendis Tanger.<\/p>\n<p class=\"p1\">A travers cette initiative, Amendis fournit un soutien direct pour le d\u00e9veloppement et la promotion des projets locaux innovants en faveur des femmes et aide les acteurs de la soci\u00e9t\u00e9 civile \u00e0 repr\u00e9senter les besoins de leurs cibles \u00e0 travers l\u2019action collective. Le programme \u00abLaki\u00bb pr\u00e9voit d\u2019accorder ainsi aux b\u00e9n\u00e9ficiaires un soutien financier, allant de 20.000 dirhams \u00e0 50.000 dirhams. Ce qui leur permet de r\u00e9aliser des projets con\u00e7us pour encourager les opportunit\u00e9s qui pr\u00e9parent les femmes et les jeunes \u00e0 int\u00e9grer la vie active. Il s\u2019agit \u00e9galement de renforcer les capacit\u00e9s des b\u00e9n\u00e9ficiaires et encourager l\u2019innovation dans le domaine des sciences, de la technologie et du d\u00e9veloppement durable et de d\u00e9velopper l\u2019entrepreneuriat f\u00e9minin et l\u2019insertion professionnelle. <em>\u00abAmendis accordera une attention suppl\u00e9mentaire aux propositions innovantes et durables et qui contribuent \u00e0 cr\u00e9er des emplois et aider l\u2019insertion socioprofessionnelle des femmes au niveau de la r\u00e9gion\u00bb,<\/em> souligne-t-on.<\/p>\n<p class=\"p1\"><span class=\"s1\">Notons qu\u2019Amendis est charg\u00e9e depuis 2002 de la gestion d\u00e9l\u00e9gu\u00e9e des wilayas de Tanger et T\u00e9touan. La soci\u00e9t\u00e9 mobilise tous ses moyens pour servir pr\u00e8s de 560.000 abonn\u00e9s en eau et 645.000 abonn\u00e9s en \u00e9lectricit\u00e9 dans les meilleures conditions et assurer un service de qualit\u00e9. Elle dispose d\u2019un r\u00e9seau de plus d\u2019une trentaine d\u2019agences commerciales r\u00e9parties sur tout le territoire de la gestion d\u00e9l\u00e9gu\u00e9e en plus des agences mobiles sous forme de bus am\u00e9nag\u00e9s et \u00e9quip\u00e9s pour accueillir les clients, o\u00f9 ces derniers peuvent effectuer toutes les op\u00e9rations et d\u00e9marches commerciales.<\/span><\/p>\n<\/div>\n<p>Auteur: ALM<br \/>\n<a href=\"http:\/\/aujourdhui.ma\/societe\/laki-amendis-reaffirme-son-engagement-rse-et-en-faveur-de-lentrepreneuriat-feminin\">Cliquez ici pour lire l&rsquo;article depuis sa source.<\/a><\/p>\n","protected":false},"excerpt":{"rendered":"<p>Un programme concoct\u00e9 \u00e0 l\u2019occasion de la journ\u00e9e internationale de la femme Amendis poursuit sa mobilisation pour promouvoir l\u2019\u00e9galit\u00e9 des droits des femmes et am\u00e9liorer leurs conditions de vie. A cet effet, la filiale de Veolia Environnement Maroc vient d\u2019annoncer le lancement d\u2019un nouveau programme baptis\u00e9 \u00abLaki\u00bb, d\u00e9di\u00e9 aux femmes en g\u00e9n\u00e9ral sur le territoire [&hellip;]<\/p>\n","protected":false},"author":1759,"featured_media":0,"comment_status":"closed","ping_status":"closed","sticky":false,"template":"","format":"standard","meta":{"fifu_image_url":"","fifu_image_alt":"","footnotes":""},"categories":[73,54],"tags":[],"class_list":["post-78931","post","type-post","status-publish","format-standard","hentry","category-actualite","category-maroc"],"_links":{"self":[{"href":"https:\/\/linitiative.ca\/International\/wp-json\/wp\/v2\/posts\/78931","targetHints":{"allow":["GET"]}}],"collection":[{"href":"https:\/\/linitiative.ca\/International\/wp-json\/wp\/v2\/posts"}],"about":[{"href":"https:\/\/linitiative.ca\/International\/wp-json\/wp\/v2\/types\/post"}],"author":[{"embeddable":true,"href":"https:\/\/linitiative.ca\/International\/wp-json\/wp\/v2\/users\/1759"}],"replies":[{"embeddable":true,"href":"https:\/\/linitiative.ca\/International\/wp-json\/wp\/v2\/comments?post=78931"}],"version-history":[{"count":0,"href":"https:\/\/linitiative.ca\/International\/wp-json\/wp\/v2\/posts\/78931\/revisions"}],"wp:attachment":[{"href":"https:\/\/linitiative.ca\/International\/wp-json\/wp\/v2\/media?parent=78931"}],"wp:term":[{"taxonomy":"category","embeddable":true,"href":"https:\/\/linitiative.ca\/International\/wp-json\/wp\/v2\/categories?post=78931"},{"taxonomy":"post_tag","embeddable":true,"href":"https:\/\/linitiative.ca\/International\/wp-json\/wp\/v2\/tags?post=78931"}],"curies":[{"name":"wp","href":"https:\/\/api.w.org\/{rel}","templated":true}]}}