{"id":78932,"date":"2020-03-13T06:57:32","date_gmt":"2020-03-13T10:57:32","guid":{"rendered":"https:\/\/linitiative.ca\/International\/oulmes-baisse-des-benefices-malgre-la-hausse-des-revenus\/"},"modified":"2020-03-13T06:57:32","modified_gmt":"2020-03-13T10:57:32","slug":"oulmes-baisse-des-benefices-malgre-la-hausse-des-revenus","status":"publish","type":"post","link":"https:\/\/linitiative.ca\/International\/oulmes-baisse-des-benefices-malgre-la-hausse-des-revenus\/","title":{"rendered":"Oulm\u00e8s: baisse des b\u00e9n\u00e9fices malgr\u00e9 la hausse des revenus"},"content":{"rendered":"<p class=\"has-text-color has-vivid-cyan-blue-color\"><strong>Le groupe, les Eaux Min\u00e9rales d\u2019Oulm\u00e8s, a publi\u00e9 ses r\u00e9alisations financi\u00e8res au titre de l\u2019exercice 2019. Il en ressort un net redressement de l\u2019activit\u00e9 m\u00eame si les b\u00e9n\u00e9fices consolid\u00e9s ont affich\u00e9 une baisse.<\/strong><\/p>\n<p>Le groupe, les Eaux Min\u00e9rales d\u2019Oulm\u00e8s, a r\u00e9alis\u00e9 en 2019 un chiffre d\u2019affaires de 1,7 milliards de DH, en hausse de 10% par rapport \u00e0 l\u2019ann\u00e9e 2018. Le groupe cot\u00e9 \u00e0 la bourse de Casablanca a attribu\u00e9 cette r\u00e9ussite au lancement des sites de production d\u2019Oujda et d\u2019Agadir. Aussi, Oulm\u00e8s a proc\u00e9d\u00e9 au rafra\u00eechissement des marques Bahia et Ain Atlas.<\/p>\n<p>Pour sa part, le r\u00e9sultat d\u2019exploitation a bondi de 49,9% \u00e0 78 millions de DH sur la m\u00eame p\u00e9riode de r\u00e9f\u00e9rence, ce qui fait ressortir une marge op\u00e9rationnelle de 4,8%, en hausse de 130 points de base. En effet, la hausse du CA a logiquement mieux satur\u00e9 plusieurs charges fixes.<\/p>\n<p>Toutefois, le r\u00e9sultat net n\u2019a augment\u00e9 que de 2,5% \u00e0 21,3 millions de DH. Par ailleurs, le r\u00e9sultat net part du groupe (RNPG) a baiss\u00e9 de -23,2% \u00e0 12 millions de DH m\u00eame si le r\u00e9sultat d\u2019exploitation consolid\u00e9 a augment\u00e9 de 8,9% \u00e0 78 millions de DH.<\/p>\n<p>Enfin, Oulm\u00e8s a \u00e9voqu\u00e9 sa strat\u00e9gie de reconfiguration de la dette financi\u00e8re. Selon la derni\u00e8re communication, l\u2019endettement net\u00a0 \u00e0 fin septembre 2019, s\u2019\u00e9tablit \u00e0 1 077 millions de DH. Aussi, pour rappel, en janvier 2020, Oulm\u00e8s avait d\u00e9j\u00e0 annonc\u00e9 avoir lanc\u00e9 avec succ\u00e8s un emprunt obligataire par placement priv\u00e9 aupr\u00e8s d\u2019investisseurs qualifi\u00e9s marocains pour un montant de 300 millions de DH. Cet emprunt est amortissable annuellement sur 5 ans.<\/p>\n<p>Signalons qu\u2019il il sera propos\u00e9 \u00e0 l\u2019AG de coopter Frannie Leautier et Hamid Bouidar comme administrateurs ind\u00e9pendants.<\/p>\n<p class=\"c2\"><strong>Kaoutar Khennach<\/strong><\/p>\n<p>Auteur: M&rsquo;hammed rahal<br \/>\n<a href=\"http:\/\/albayane.press.ma\/oulmes-baisse-des-benefices-malgre-la-hausse-des-revenus.html\">Cliquez ici pour lire l&rsquo;article depuis sa source.<\/a><\/p>\n","protected":false},"excerpt":{"rendered":"<p>Le groupe, les Eaux Min\u00e9rales d\u2019Oulm\u00e8s, a publi\u00e9 ses r\u00e9alisations financi\u00e8res au titre de l\u2019exercice 2019. Il en ressort un net redressement de l\u2019activit\u00e9 m\u00eame si les b\u00e9n\u00e9fices consolid\u00e9s ont affich\u00e9 une baisse. Le groupe, les Eaux Min\u00e9rales d\u2019Oulm\u00e8s, a r\u00e9alis\u00e9 en 2019 un chiffre d\u2019affaires de 1,7 milliards de DH, en hausse de 10% [&hellip;]<\/p>\n","protected":false},"author":1760,"featured_media":0,"comment_status":"closed","ping_status":"closed","sticky":false,"template":"","format":"standard","meta":{"fifu_image_url":"","fifu_image_alt":"","footnotes":""},"categories":[73,54],"tags":[],"class_list":["post-78932","post","type-post","status-publish","format-standard","hentry","category-actualite","category-maroc"],"_links":{"self":[{"href":"https:\/\/linitiative.ca\/International\/wp-json\/wp\/v2\/posts\/78932","targetHints":{"allow":["GET"]}}],"collection":[{"href":"https:\/\/linitiative.ca\/International\/wp-json\/wp\/v2\/posts"}],"about":[{"href":"https:\/\/linitiative.ca\/International\/wp-json\/wp\/v2\/types\/post"}],"author":[{"embeddable":true,"href":"https:\/\/linitiative.ca\/International\/wp-json\/wp\/v2\/users\/1760"}],"replies":[{"embeddable":true,"href":"https:\/\/linitiative.ca\/International\/wp-json\/wp\/v2\/comments?post=78932"}],"version-history":[{"count":0,"href":"https:\/\/linitiative.ca\/International\/wp-json\/wp\/v2\/posts\/78932\/revisions"}],"wp:attachment":[{"href":"https:\/\/linitiative.ca\/International\/wp-json\/wp\/v2\/media?parent=78932"}],"wp:term":[{"taxonomy":"category","embeddable":true,"href":"https:\/\/linitiative.ca\/International\/wp-json\/wp\/v2\/categories?post=78932"},{"taxonomy":"post_tag","embeddable":true,"href":"https:\/\/linitiative.ca\/International\/wp-json\/wp\/v2\/tags?post=78932"}],"curies":[{"name":"wp","href":"https:\/\/api.w.org\/{rel}","templated":true}]}}