{"id":78938,"date":"2020-03-13T13:04:05","date_gmt":"2020-03-13T17:04:05","guid":{"rendered":"https:\/\/linitiative.ca\/International\/sadek-tiouane-lhomme-qui-a-surmonte-son-handicap-pour-devenir-createur\/"},"modified":"2020-03-13T13:04:05","modified_gmt":"2020-03-13T17:04:05","slug":"sadek-tiouane-lhomme-qui-a-surmonte-son-handicap-pour-devenir-createur","status":"publish","type":"post","link":"https:\/\/linitiative.ca\/International\/sadek-tiouane-lhomme-qui-a-surmonte-son-handicap-pour-devenir-createur\/","title":{"rendered":"Sadek Tiouane l\u2019homme qui a surmont\u00e9 son handicap pour devenir cr\u00e9ateur"},"content":{"rendered":"<div readability=\"40\">\n<p><strong>MILA- Surmonter le traumatisme d\u2019une grave blessure, refuser la fatalit\u00e9 de l\u2019handicap, se r\u00e9approprier son corps pour exceller dans un domaine o\u00f9 la dext\u00e9rit\u00e9 reste le maitre-mot, est le parcours inspirant de Sadek Tiouane de la commune de Rouached (nord de Mila) qui, \u00e0 force de pers\u00e9v\u00e9rance, s\u2019est impos\u00e9 dans le milieu restreint de l\u2019artisanat en cr\u00e9ant des objets d\u2019art \u00e0 partir de vieux mat\u00e9riaux r\u00e9cup\u00e9r\u00e9s.<\/strong><\/p>\n<\/div>\n<div readability=\"108\">\n<p>Sadek, ancien membre des forces sp\u00e9ciales de L\u2019ANP, \u00e2g\u00e9 aujourd\u2019hui de 48 ans, a vu sa vie basculer au cours de l\u2019ann\u00e9e 2000 apr\u00e8s que lui et ses compagnons d\u2019armes eurent subi une attaque terroriste dans les montagnes de la wilaya de Tizi-Ouzou durant laquelle il se fera amputer une bonne partie de son bras droit.<\/p>\n<p>Rencontr\u00e9 par l\u2019APS \u00e0 la veille de la c\u00e9l\u00e9bration de la journ\u00e9e nationale des personnes aux besoins sp\u00e9cifiques, qui co\u00efncide avec le 14 mars de chaque ann\u00e9e, Sadek a bien voulu se confier sur \u00ab\u00a0sa deuxi\u00e8me vie\u00a0\u00bb et sur cette blessure qui l\u2019a forc\u00e9 \u00e0 revoir son plan de carri\u00e8re.<\/p>\n<blockquote readability=\"10\">\n<p><em><strong>\u00ab\u00a0Ce fut tr\u00e8s difficile pour accepter mon sort, du jour au lendemain je suis pass\u00e9 d\u2019homme valide \u00e0 une personne infirme, j\u2019ai broy\u00e9 du noir pendant de nombreuses ann\u00e9es mais gr\u00e2ce \u00e0 Dieu et au soutien de mon entourage j\u2019ai repris confiance en moi notamment en int\u00e9grant un monde de l\u2019art et de l\u2019artisanat qui m\u2019a servi d\u2019exutoire\u00a0\u00bb.<\/strong><\/em><\/p>\n<\/blockquote>\n<p>Et d\u2019ajouter : \u00ab\u00a0J&rsquo;ai vu que mon environnement pullulait de mat\u00e9riaux recyclables ne demandant qu\u2019\u00e0 \u00eatre revaloris\u00e9s. Verre, plastique ou bois, ce qui semble pour les autres insignifiant, est pour moi une mati\u00e8re \u00e0 part enti\u00e8re susceptible de se transformer en une pi\u00e8ce d\u2019art unique\u2019\u2019.<\/p>\n<blockquote readability=\"12\">\n<p><em><strong>Dot\u00e9 d\u2019une vaste culture g\u00e9n\u00e9rale, cet artisan autodidacte est revenu sur son choix professionnel et avoue avoir toujours eu un penchant pour l\u2019art. \u00ab\u00a0Depuis ma tendre enfance, j&rsquo;ai toujours ador\u00e9 l\u2019art graphique et la calligraphie arabe en particulier, apr\u00e8s ce que j\u2019ai v\u00e9cu. J\u2019ai pris la d\u00e9cision de faire de ma passion mon m\u00e9tier\u00a0\u00bb, a-t-il confi\u00e9.<\/strong><\/em><\/p>\n<\/blockquote>\n<p>Bien qu\u2019il semble assez g\u00ean\u00e9 d\u2019\u00e9voquer sa blessure au bras droit, Sadek affirme vivre son handicap comme un d\u00e9fi \u00e0 relever chaque jour.<\/p>\n<p>\u00ab\u00a0Mon handicap m\u2019a forc\u00e9 \u00e0 relever un d\u00e9fi interne depuis que j\u2019ai int\u00e9gr\u00e9 le monde de l\u2019art en 2015 et je veux absolument laisser mon empreinte en cr\u00e9ant des objets qui refl\u00e8tent ma vision de la cr\u00e9ativit\u00e9 qui est celle de redonner une nouvelle vie \u00e0 des vieux produits dont on se sert plus et de les transformer en des objets qui ont de la valeur\u00a0\u00bb.<\/p>\n<p><strong>Une vision artistique des choses qui refl\u00e8te l&rsquo;identit\u00e9 et l&rsquo;appartenance<\/strong><\/p>\n<p>Les objets r\u00e9alis\u00e9s par Sadek expriment g\u00e9n\u00e9ralement la beaut\u00e9 des paysages de la r\u00e9gion de Mila tels que les chutes de Tamda de la commune d\u2019Ahmed Rachedi o\u00f9 le barrage de Beni Haroun et ce, malgr\u00e9 la simplicit\u00e9 des mat\u00e9riaux utilis\u00e9s dans leur fabrication, affirme-t-il.<\/p>\n<blockquote readability=\"6\">\n<p><strong><em>\u00ab\u00a0Mes \u0153uvres reprenant la beaut\u00e9 de la r\u00e9gion sont particuli\u00e8rement appr\u00e9ci\u00e9es par le public des expositions auxquelles je participe.\u00a0\u00bb<\/em><\/strong><\/p>\n<\/blockquote>\n<p>Et d&rsquo;ajouter : \u00ab\u00a0A chaque fois que j\u2019expose mes \u0153uvres ailleurs que dans la wilaya de Mila, je veille \u00e0 ce que mes \u0153uvres d\u2019art refl\u00e8tent l\u2019identit\u00e9 de ma r\u00e9gion et qui repr\u00e9sentent des sites culturels, historiques et naturels. Je suis anim\u00e9 par la conviction que l\u2019artisan se doit d\u2019\u00eatre le premier ambassadeur de sa culture et de son environnement\u2019\u2019.<\/p>\n<blockquote readability=\"8\">\n<p><strong><em>Sadek qui \u00e0 chacune de ses \u0153uvres vient confirmer que le handicap physique n\u2019a jamais \u00e9t\u00e9 un frein \u00e0 la cr\u00e9ativit\u00e9, se dit pr\u00eat \u00e0 transmettre son savoir-faire aux autres et crie haut et fort a qui veut bien l\u2019entendre que \u00ab\u00a0l\u2019art ne peut s\u2019\u00e9panouir que dans le partage\u00a0\u00bb.<\/em><\/strong><\/p>\n<\/blockquote>\n<p>Ce qui distingue et diff\u00e9rencie Sadek des autres artisans, ce n\u2019est pas tant le fait qu\u2019il ait une seule main, mais plut\u00f4t cette capacit\u00e9 hors du commun \u00e0 transformer des choses simples en chefs-d&rsquo;\u0153uvre, comme cr\u00e9er un bouquet de fleurs ou encore un troupeau de moutons \u00e0 partir des petits objets r\u00e9cup\u00e9r\u00e9s et o\u00f9 pr\u00e9cision, cr\u00e9ativit\u00e9 et talent subjuguent.<\/p>\n<p>\u00ab\u00a0Ce qui est important pour moi, en tant qu\u2019artisan aux besoins sp\u00e9cifiques, c\u2019est de pouvoir trouver de l\u2019inspiration, de la pers\u00e9v\u00e9rer toujours et de rester cr\u00e9atif\u00a0\u00bb car comme le veut le c\u00e9l\u00e8bre aphorisme de Lavoisier : rien ne se perd, rien ne se cr\u00e9e, tout se transforme.<\/p>\n<\/div>\n<p>Auteur:<br \/>\n<a href=\"http:\/\/www.aps.dz\/culture\/102962-sadek-tiouane-l-homme-qui-a-surmonte-son-handicap-pour-devenir-createur\">Cliquez ici pour lire l&rsquo;article depuis sa source.<\/a><\/p>\n","protected":false},"excerpt":{"rendered":"<p>MILA- Surmonter le traumatisme d\u2019une grave blessure, refuser la fatalit\u00e9 de l\u2019handicap, se r\u00e9approprier son corps pour exceller dans un domaine o\u00f9 la dext\u00e9rit\u00e9 reste le maitre-mot, est le parcours inspirant de Sadek Tiouane de la commune de Rouached (nord de Mila) qui, \u00e0 force de pers\u00e9v\u00e9rance, s\u2019est impos\u00e9 dans le milieu restreint de l\u2019artisanat [&hellip;]<\/p>\n","protected":false},"author":1790,"featured_media":0,"comment_status":"closed","ping_status":"closed","sticky":false,"template":"","format":"standard","meta":{"fifu_image_url":"","fifu_image_alt":"","footnotes":""},"categories":[53,79],"tags":[],"class_list":["post-78938","post","type-post","status-publish","format-standard","hentry","category-algerie","category-culture"],"_links":{"self":[{"href":"https:\/\/linitiative.ca\/International\/wp-json\/wp\/v2\/posts\/78938","targetHints":{"allow":["GET"]}}],"collection":[{"href":"https:\/\/linitiative.ca\/International\/wp-json\/wp\/v2\/posts"}],"about":[{"href":"https:\/\/linitiative.ca\/International\/wp-json\/wp\/v2\/types\/post"}],"author":[{"embeddable":true,"href":"https:\/\/linitiative.ca\/International\/wp-json\/wp\/v2\/users\/1790"}],"replies":[{"embeddable":true,"href":"https:\/\/linitiative.ca\/International\/wp-json\/wp\/v2\/comments?post=78938"}],"version-history":[{"count":0,"href":"https:\/\/linitiative.ca\/International\/wp-json\/wp\/v2\/posts\/78938\/revisions"}],"wp:attachment":[{"href":"https:\/\/linitiative.ca\/International\/wp-json\/wp\/v2\/media?parent=78938"}],"wp:term":[{"taxonomy":"category","embeddable":true,"href":"https:\/\/linitiative.ca\/International\/wp-json\/wp\/v2\/categories?post=78938"},{"taxonomy":"post_tag","embeddable":true,"href":"https:\/\/linitiative.ca\/International\/wp-json\/wp\/v2\/tags?post=78938"}],"curies":[{"name":"wp","href":"https:\/\/api.w.org\/{rel}","templated":true}]}}