{"id":78940,"date":"2020-03-13T06:00:00","date_gmt":"2020-03-13T10:00:00","guid":{"rendered":"https:\/\/linitiative.ca\/International\/coronavirus-deux-deces-en-algerie\/"},"modified":"2020-03-13T06:00:00","modified_gmt":"2020-03-13T10:00:00","slug":"coronavirus-deux-deces-en-algerie","status":"publish","type":"post","link":"https:\/\/linitiative.ca\/International\/coronavirus-deux-deces-en-algerie\/","title":{"rendered":"Coronavirus : Deux d\u00e9c\u00e8s en Alg\u00e9rie"},"content":{"rendered":"<div id=\"originalText\" readability=\"59\">\n<p>Le minist\u00e8re de la Sant\u00e9, de la Population et de\u00a0 la R\u00e9forme hospitali\u00e8re a enregistr\u00e9, jeudi soir, deux nouveaux cas\u00a0 confirm\u00e9s du Coronavirus, dont un d\u00e9c\u00e8s, portant le nombre total\u00a0 d&rsquo;infection \u00e0 26 cas et le d\u00e9c\u00e8s de 2 personnes.<\/p>\n<p>Il s&rsquo;agit du d\u00e9c\u00e8s d&rsquo;une personne \u00e2g\u00e9e de 55 ans et de la contamination\u00a0 d&rsquo;une dame apr\u00e8s son retour de France, actuellement hospitalis\u00e9e \u00e0\u00a0 l&rsquo;h\u00f4pital de Skikda, pr\u00e9sentant un \u00e9tat de sant\u00e9 stable.<\/p>\n<p>A pr\u00e9ciser que 10 patients ont quitt\u00e9 les h\u00f4pitaux de Boufarik et de\u00a0 Mascara apr\u00e8s confirmation de leur gu\u00e9rison.\u00a0 le minist\u00e8re de la Sant\u00e9 affirme que \u00ab\u00a0l&rsquo;enqu\u00eate \u00e9pid\u00e9miologique est\u00a0 toujours en cours afin d&rsquo;identifier les sujets contacts\u00a0\u00bb, rappelant que\u00a0 \u00a0\u00bble dispositif de veille et d&rsquo;alerte mis en place par le minist\u00e8re de la\u00a0 Sant\u00e9 demeure en vigueur et la mobilisation des \u00e9quipes de sant\u00e9 reste \u00e0\u00a0 son plus haut niveau\u00a0\u00bb.<\/p>\n<p>Afin de r\u00e9duire le risque d&rsquo;importation et d&rsquo;extension de cette pand\u00e9mie,\u00a0 le minist\u00e8re \u00ab\u00a0conseille aux citoyens alg\u00e9riens devant se rendre dans les pays o\u00f9 l&rsquo;\u00e9pid\u00e9mie est active, de diff\u00e9rer leur voyage, et aux\u00a0 ressortissants alg\u00e9riens \u00e9tablis dans les pays o\u00f9 l&rsquo;\u00e9pid\u00e9mie est active\u00a0 d&rsquo;ajourner \u00e9galement leur visite familiale sauf en cas de n\u00e9cessit\u00e9\u00a0 absolue\u00a0\u00bb.<\/p>\n<p class=\"c6\"><strong>APS<\/strong><\/p>\n<\/div>\n<div id=\"text_core\" readability=\"59\">\n<p>Le minist\u00e8re de la Sant\u00e9, de la Population et de\u00a0 la R\u00e9forme hospitali\u00e8re a enregistr\u00e9, jeudi soir, deux nouveaux cas\u00a0 confirm\u00e9s du Coronavirus, dont un d\u00e9c\u00e8s, portant le nombre total\u00a0 d&rsquo;infection \u00e0 26 cas et le d\u00e9c\u00e8s de 2 personnes.<\/p>\n<p>Il s&rsquo;agit du d\u00e9c\u00e8s d&rsquo;une personne \u00e2g\u00e9e de 55 ans et de la contamination\u00a0 d&rsquo;une dame apr\u00e8s son retour de France, actuellement hospitalis\u00e9e \u00e0\u00a0 l&rsquo;h\u00f4pital de Skikda, pr\u00e9sentant un \u00e9tat de sant\u00e9 stable.<\/p>\n<p>A pr\u00e9ciser que 10 patients ont quitt\u00e9 les h\u00f4pitaux de Boufarik et de\u00a0 Mascara apr\u00e8s confirmation de leur gu\u00e9rison.\u00a0 le minist\u00e8re de la Sant\u00e9 affirme que \u00ab\u00a0l&rsquo;enqu\u00eate \u00e9pid\u00e9miologique est\u00a0 toujours en cours afin d&rsquo;identifier les sujets contacts\u00a0\u00bb, rappelant que\u00a0 \u00a0\u00bble dispositif de veille et d&rsquo;alerte mis en place par le minist\u00e8re de la\u00a0 Sant\u00e9 demeure en vigueur et la mobilisation des \u00e9quipes de sant\u00e9 reste \u00e0\u00a0 son plus haut niveau\u00a0\u00bb.<\/p>\n<p>Afin de r\u00e9duire le risque d&rsquo;importation et d&rsquo;extension de cette pand\u00e9mie,\u00a0 le minist\u00e8re \u00ab\u00a0conseille aux citoyens alg\u00e9riens devant se rendre dans les pays o\u00f9 l&rsquo;\u00e9pid\u00e9mie est active, de diff\u00e9rer leur voyage, et aux\u00a0 ressortissants alg\u00e9riens \u00e9tablis dans les pays o\u00f9 l&rsquo;\u00e9pid\u00e9mie est active\u00a0 d&rsquo;ajourner \u00e9galement leur visite familiale sauf en cas de n\u00e9cessit\u00e9\u00a0 absolue\u00a0\u00bb.<\/p>\n<p class=\"c6\"><strong>APS<\/strong><\/p>\n<\/div>\n<p>Auteur:<br \/>\n<a href=\"https:\/\/www.liberte-algerie.com\/actualite\/coronavirus-deux-deces-en-algerie-335744\">Cliquez ici pour lire l&rsquo;article depuis sa source.<\/a><\/p>\n","protected":false},"excerpt":{"rendered":"<p>Le minist\u00e8re de la Sant\u00e9, de la Population et de\u00a0 la R\u00e9forme hospitali\u00e8re a enregistr\u00e9, jeudi soir, deux nouveaux cas\u00a0 confirm\u00e9s du Coronavirus, dont un d\u00e9c\u00e8s, portant le nombre total\u00a0 d&rsquo;infection \u00e0 26 cas et le d\u00e9c\u00e8s de 2 personnes. Il s&rsquo;agit du d\u00e9c\u00e8s d&rsquo;une personne \u00e2g\u00e9e de 55 ans et de la contamination\u00a0 d&rsquo;une [&hellip;]<\/p>\n","protected":false},"author":1742,"featured_media":0,"comment_status":"closed","ping_status":"closed","sticky":false,"template":"","format":"standard","meta":{"fifu_image_url":"","fifu_image_alt":"","footnotes":""},"categories":[73,53],"tags":[],"class_list":["post-78940","post","type-post","status-publish","format-standard","hentry","category-actualite","category-algerie"],"_links":{"self":[{"href":"https:\/\/linitiative.ca\/International\/wp-json\/wp\/v2\/posts\/78940","targetHints":{"allow":["GET"]}}],"collection":[{"href":"https:\/\/linitiative.ca\/International\/wp-json\/wp\/v2\/posts"}],"about":[{"href":"https:\/\/linitiative.ca\/International\/wp-json\/wp\/v2\/types\/post"}],"author":[{"embeddable":true,"href":"https:\/\/linitiative.ca\/International\/wp-json\/wp\/v2\/users\/1742"}],"replies":[{"embeddable":true,"href":"https:\/\/linitiative.ca\/International\/wp-json\/wp\/v2\/comments?post=78940"}],"version-history":[{"count":0,"href":"https:\/\/linitiative.ca\/International\/wp-json\/wp\/v2\/posts\/78940\/revisions"}],"wp:attachment":[{"href":"https:\/\/linitiative.ca\/International\/wp-json\/wp\/v2\/media?parent=78940"}],"wp:term":[{"taxonomy":"category","embeddable":true,"href":"https:\/\/linitiative.ca\/International\/wp-json\/wp\/v2\/categories?post=78940"},{"taxonomy":"post_tag","embeddable":true,"href":"https:\/\/linitiative.ca\/International\/wp-json\/wp\/v2\/tags?post=78940"}],"curies":[{"name":"wp","href":"https:\/\/api.w.org\/{rel}","templated":true}]}}