{"id":78941,"date":"2020-03-13T12:30:00","date_gmt":"2020-03-13T16:30:00","guid":{"rendered":"https:\/\/linitiative.ca\/International\/56-vendredi-a-alger-les-manifestants-reiterent-le-caractere-pacifique-du-hirak\/"},"modified":"2020-03-13T12:30:00","modified_gmt":"2020-03-13T16:30:00","slug":"56-vendredi-a-alger-les-manifestants-reiterent-le-caractere-pacifique-du-hirak","status":"publish","type":"post","link":"https:\/\/linitiative.ca\/International\/56-vendredi-a-alger-les-manifestants-reiterent-le-caractere-pacifique-du-hirak\/","title":{"rendered":"56 vendredi \u00e0 Alger : les manifestants r\u00e9it\u00e8rent le caract\u00e8re pacifique du hirak"},"content":{"rendered":"<div id=\"originalText\" readability=\"48\">\n<p>Des milliers de citoyens ont manifest\u00e9 pour le 56e vendredi cons\u00e9cutif \u00e0 Alger, pour le d\u00e9part du syst\u00e8me, en d\u00e9pit des appels \u00e0 la prudence contre le risque de propagation du coronavirus dans les lieux de rassemblements, et les mesures d&rsquo;urgences prises par le gouvernement.\u00a0<\/p>\n<p>Les alg\u00e9rois \u00e9taient m\u00eame beaucoup plus nombreux que les vendredis pr\u00e9c\u00e9dents \u00e0 investir la rue, appelant \u00e0 un \u00ab\u00a0Etat civil et non militaire\u00a0\u00bb et \u00e0 une \u00ab\u00a0Alg\u00e9rie libre et d\u00e9mocratique\u00a0\u00bb.\u00a0<\/p>\n<p><iframe loading=\"lazy\" allowfullscreen=\"true\" allowtransparency=\"true\" frameborder=\"0\" height=\"280\" scrolling=\"no\" src=\"https:\/\/www.facebook.com\/plugins\/video.php?href=https%3A%2F%2Fwww.facebook.com%2FJournaLiberteOfficiel%2Fvideos%2F521937462017797%2F&amp;show_text=0&amp;width=560\" class=\"c6\" width=\"560\">[embedded content]<\/iframe><\/p>\n<p>Les manifestants se sont aussi d\u00e9marqu\u00e9s des appels\u00a0 \u00e0 \u00ab\u00a0la confrontation avec la police\u00a0\u00bb relay\u00e9s par certaines parties, sur les r\u00e9seaux sociaux. Ils ont ainsi, et \u00e0 travers plusieurs slogans, r\u00e9it\u00e9r\u00e9 le caract\u00e8re \u00ab\u00a0pacifique\u00a0\u00bb de la r\u00e9volution citoyenne en cours.\u00a0<\/p>\n<p class=\"c7\"><strong>R\u00e9daction Web\u00a0\u00a0<\/strong><\/p>\n<\/div>\n<div id=\"text_core\" readability=\"48\">\n<p>Des milliers de citoyens ont manifest\u00e9 pour le 56e vendredi cons\u00e9cutif \u00e0 Alger, pour le d\u00e9part du syst\u00e8me, en d\u00e9pit des appels \u00e0 la prudence contre le risque de propagation du coronavirus dans les lieux de rassemblements, et les mesures d&rsquo;urgences prises par le gouvernement.\u00a0<\/p>\n<p>Les alg\u00e9rois \u00e9taient m\u00eame beaucoup plus nombreux que les vendredis pr\u00e9c\u00e9dents \u00e0 investir la rue, appelant \u00e0 un \u00ab\u00a0Etat civil et non militaire\u00a0\u00bb et \u00e0 une \u00ab\u00a0Alg\u00e9rie libre et d\u00e9mocratique\u00a0\u00bb.\u00a0<\/p>\n<p><iframe loading=\"lazy\" allowfullscreen=\"true\" allowtransparency=\"true\" frameborder=\"0\" height=\"280\" scrolling=\"no\" src=\"https:\/\/www.facebook.com\/plugins\/video.php?href=https%3A%2F%2Fwww.facebook.com%2FJournaLiberteOfficiel%2Fvideos%2F521937462017797%2F&amp;show_text=0&amp;width=560\" class=\"c6\" width=\"560\">[embedded content]<\/iframe><\/p>\n<p>Les manifestants se sont aussi d\u00e9marqu\u00e9s des appels\u00a0 \u00e0 \u00ab\u00a0la confrontation avec la police\u00a0\u00bb relay\u00e9s par certaines parties, sur les r\u00e9seaux sociaux. Ils ont ainsi, et \u00e0 travers plusieurs slogans, r\u00e9it\u00e9r\u00e9 le caract\u00e8re \u00ab\u00a0pacifique\u00a0\u00bb de la r\u00e9volution citoyenne en cours.\u00a0<\/p>\n<p class=\"c7\"><strong>R\u00e9daction Web\u00a0\u00a0<\/strong><\/p>\n<\/div>\n<p>Auteur:<br \/>\n<a href=\"https:\/\/www.liberte-algerie.com\/actualite\/56-vendredi-a-alger-les-manifestants-reiterent-le-caractere-pacifique-du-hirak-335742\">Cliquez ici pour lire l&rsquo;article depuis sa source.<\/a><\/p>\n","protected":false},"excerpt":{"rendered":"<p>Des milliers de citoyens ont manifest\u00e9 pour le 56e vendredi cons\u00e9cutif \u00e0 Alger, pour le d\u00e9part du syst\u00e8me, en d\u00e9pit des appels \u00e0 la prudence contre le risque de propagation du coronavirus dans les lieux de rassemblements, et les mesures d&rsquo;urgences prises par le gouvernement.\u00a0 Les alg\u00e9rois \u00e9taient m\u00eame beaucoup plus nombreux que les vendredis [&hellip;]<\/p>\n","protected":false},"author":1742,"featured_media":0,"comment_status":"closed","ping_status":"closed","sticky":false,"template":"","format":"standard","meta":{"fifu_image_url":"","fifu_image_alt":"","footnotes":""},"categories":[73,53],"tags":[],"class_list":["post-78941","post","type-post","status-publish","format-standard","hentry","category-actualite","category-algerie"],"_links":{"self":[{"href":"https:\/\/linitiative.ca\/International\/wp-json\/wp\/v2\/posts\/78941","targetHints":{"allow":["GET"]}}],"collection":[{"href":"https:\/\/linitiative.ca\/International\/wp-json\/wp\/v2\/posts"}],"about":[{"href":"https:\/\/linitiative.ca\/International\/wp-json\/wp\/v2\/types\/post"}],"author":[{"embeddable":true,"href":"https:\/\/linitiative.ca\/International\/wp-json\/wp\/v2\/users\/1742"}],"replies":[{"embeddable":true,"href":"https:\/\/linitiative.ca\/International\/wp-json\/wp\/v2\/comments?post=78941"}],"version-history":[{"count":0,"href":"https:\/\/linitiative.ca\/International\/wp-json\/wp\/v2\/posts\/78941\/revisions"}],"wp:attachment":[{"href":"https:\/\/linitiative.ca\/International\/wp-json\/wp\/v2\/media?parent=78941"}],"wp:term":[{"taxonomy":"category","embeddable":true,"href":"https:\/\/linitiative.ca\/International\/wp-json\/wp\/v2\/categories?post=78941"},{"taxonomy":"post_tag","embeddable":true,"href":"https:\/\/linitiative.ca\/International\/wp-json\/wp\/v2\/tags?post=78941"}],"curies":[{"name":"wp","href":"https:\/\/api.w.org\/{rel}","templated":true}]}}