{"id":78942,"date":"2020-03-13T12:55:00","date_gmt":"2020-03-13T16:55:00","guid":{"rendered":"https:\/\/linitiative.ca\/International\/air-algerie-suspend-temporairement-plusieurs-vols-de-et-vers-la-france\/"},"modified":"2020-03-13T12:55:00","modified_gmt":"2020-03-13T16:55:00","slug":"air-algerie-suspend-temporairement-plusieurs-vols-de-et-vers-la-france","status":"publish","type":"post","link":"https:\/\/linitiative.ca\/International\/air-algerie-suspend-temporairement-plusieurs-vols-de-et-vers-la-france\/","title":{"rendered":"Air Alg\u00e9rie suspend temporairement plusieurs vols de et vers la France"},"content":{"rendered":"<div id=\"originalText\" readability=\"65\">\n<p>La Compagnie nationale Air Alg\u00e9rie a d\u00e9cid\u00e9 de suspendre temporairement tous ses vols \u00ab\u00a0de et vers\u00a0\u00bb la France au d\u00e9part des villes de S\u00e9tif, Batna, Tlemcen, El Oued, Biskra, Chlef, Bejaia et Annaba, comme mesure pr\u00e9ventive contre la propagation du coronavirus, a t-elle indiqu\u00e9 ce vendredi dans un communiqu\u00e9.<\/p>\n<p>Air Alg\u00e9rie a d\u00e9cid\u00e9 \u00e9galement de r\u00e9duire, \u00e0 partir de demain 14 mars au 4 avril, ses vols \u00ab\u00a0de et vers\u00a0\u00bb la France au d\u00e9part d&rsquo;Alger, Oran et Constantine, ajoute la m\u00eame source.<\/p>\n<p>De plus, elle suspend tous ses vols \u00ab\u00a0de et vers\u00a0\u00bb l&rsquo;Espagne \u00e0 compter du 16 mars au 4 avril 2020.<\/p>\n<p>Les passagers impact\u00e9s par les perturbations de leurs vols, peuvent b\u00e9n\u00e9ficier d&rsquo;un changement de r\u00e9servation, d&rsquo;un report ou d&rsquo;un remboursement sans frais, pr\u00e9cise le communiqu\u00e9.<\/p>\n<p>A rappeler que Air Alg\u00e9rie avait annonc\u00e9 mercredi dernier la suspension des vols \u00ab\u00a0de et vers\u00a0\u00bb Rome (Italie) \u00e0 partir de dimanche 15 mars, au titre de mesure pr\u00e9ventive en raison de la propagation du nouveau Coronavirus en Italie.<\/p>\n<p class=\"c6\"><strong>APS<\/strong><\/p>\n<\/div>\n<div id=\"text_core\" readability=\"65\">\n<p>La Compagnie nationale Air Alg\u00e9rie a d\u00e9cid\u00e9 de suspendre temporairement tous ses vols \u00ab\u00a0de et vers\u00a0\u00bb la France au d\u00e9part des villes de S\u00e9tif, Batna, Tlemcen, El Oued, Biskra, Chlef, Bejaia et Annaba, comme mesure pr\u00e9ventive contre la propagation du coronavirus, a t-elle indiqu\u00e9 ce vendredi dans un communiqu\u00e9.<\/p>\n<p>Air Alg\u00e9rie a d\u00e9cid\u00e9 \u00e9galement de r\u00e9duire, \u00e0 partir de demain 14 mars au 4 avril, ses vols \u00ab\u00a0de et vers\u00a0\u00bb la France au d\u00e9part d&rsquo;Alger, Oran et Constantine, ajoute la m\u00eame source.<\/p>\n<p>De plus, elle suspend tous ses vols \u00ab\u00a0de et vers\u00a0\u00bb l&rsquo;Espagne \u00e0 compter du 16 mars au 4 avril 2020.<\/p>\n<p>Les passagers impact\u00e9s par les perturbations de leurs vols, peuvent b\u00e9n\u00e9ficier d&rsquo;un changement de r\u00e9servation, d&rsquo;un report ou d&rsquo;un remboursement sans frais, pr\u00e9cise le communiqu\u00e9.<\/p>\n<p>A rappeler que Air Alg\u00e9rie avait annonc\u00e9 mercredi dernier la suspension des vols \u00ab\u00a0de et vers\u00a0\u00bb Rome (Italie) \u00e0 partir de dimanche 15 mars, au titre de mesure pr\u00e9ventive en raison de la propagation du nouveau Coronavirus en Italie.<\/p>\n<p class=\"c6\"><strong>APS<\/strong><\/p>\n<\/div>\n<p>Auteur:<br \/>\n<a href=\"https:\/\/www.liberte-algerie.com\/actualite\/air-algerie-suspend-temporairement-plusieurs-vols-de-et-vers-la-france-335743\">Cliquez ici pour lire l&rsquo;article depuis sa source.<\/a><\/p>\n","protected":false},"excerpt":{"rendered":"<p>La Compagnie nationale Air Alg\u00e9rie a d\u00e9cid\u00e9 de suspendre temporairement tous ses vols \u00ab\u00a0de et vers\u00a0\u00bb la France au d\u00e9part des villes de S\u00e9tif, Batna, Tlemcen, El Oued, Biskra, Chlef, Bejaia et Annaba, comme mesure pr\u00e9ventive contre la propagation du coronavirus, a t-elle indiqu\u00e9 ce vendredi dans un communiqu\u00e9. Air Alg\u00e9rie a d\u00e9cid\u00e9 \u00e9galement de [&hellip;]<\/p>\n","protected":false},"author":1742,"featured_media":0,"comment_status":"closed","ping_status":"closed","sticky":false,"template":"","format":"standard","meta":{"fifu_image_url":"","fifu_image_alt":"","footnotes":""},"categories":[73,53],"tags":[],"class_list":["post-78942","post","type-post","status-publish","format-standard","hentry","category-actualite","category-algerie"],"_links":{"self":[{"href":"https:\/\/linitiative.ca\/International\/wp-json\/wp\/v2\/posts\/78942","targetHints":{"allow":["GET"]}}],"collection":[{"href":"https:\/\/linitiative.ca\/International\/wp-json\/wp\/v2\/posts"}],"about":[{"href":"https:\/\/linitiative.ca\/International\/wp-json\/wp\/v2\/types\/post"}],"author":[{"embeddable":true,"href":"https:\/\/linitiative.ca\/International\/wp-json\/wp\/v2\/users\/1742"}],"replies":[{"embeddable":true,"href":"https:\/\/linitiative.ca\/International\/wp-json\/wp\/v2\/comments?post=78942"}],"version-history":[{"count":0,"href":"https:\/\/linitiative.ca\/International\/wp-json\/wp\/v2\/posts\/78942\/revisions"}],"wp:attachment":[{"href":"https:\/\/linitiative.ca\/International\/wp-json\/wp\/v2\/media?parent=78942"}],"wp:term":[{"taxonomy":"category","embeddable":true,"href":"https:\/\/linitiative.ca\/International\/wp-json\/wp\/v2\/categories?post=78942"},{"taxonomy":"post_tag","embeddable":true,"href":"https:\/\/linitiative.ca\/International\/wp-json\/wp\/v2\/tags?post=78942"}],"curies":[{"name":"wp","href":"https:\/\/api.w.org\/{rel}","templated":true}]}}