{"id":78944,"date":"2020-03-13T12:48:54","date_gmt":"2020-03-13T16:48:54","guid":{"rendered":"https:\/\/linitiative.ca\/International\/affaire-hamza-mon-bb-ibtissam-b-placee-en-detention-preventive\/"},"modified":"2020-03-13T12:48:54","modified_gmt":"2020-03-13T16:48:54","slug":"affaire-hamza-mon-bb-ibtissam-b-placee-en-detention-preventive","status":"publish","type":"post","link":"https:\/\/linitiative.ca\/International\/affaire-hamza-mon-bb-ibtissam-b-placee-en-detention-preventive\/","title":{"rendered":"Affaire \u00ab\u00a0Hamza mon Bb\u00a0\u00bb: Ibtissam B. plac\u00e9e en d\u00e9tention pr\u00e9ventive"},"content":{"rendered":"<div class=\"single-featured\"><img alt=\"\" data-src=\"http:\/\/www.mapmarrakech.ma\/map\/uploads\/2020\/03\/tribunal-1&#xE8;re-instance.jpg\"\/><\/div>\n<div class=\"single-post-excerpt post-excerpt-bc\" readability=\"37\">\n<p>Marrakech \u2013 Le juge d\u2019instruction du tribunal de premi\u00e8re instance de Marrakech a ordonn\u00e9, vendredi, le placement en d\u00e9tention pr\u00e9ventive de la d\u00e9nomm\u00e9 Ibtissam B. pour son implication pr\u00e9sum\u00e9e dans l\u2019affaire \u00ab\u00a0Hamza mon Bb\u00a0\u00bb, a indiqu\u00e9 une source bien inform\u00e9e.<\/p>\n<\/div>\n<div class=\"entry-content clearfix single-post-content\" readability=\"38\">\n<p>La mise en cause est poursuivie notamment pour \u00ab\u00a0participation \u00e0 l\u2019acc\u00e8s frauduleux au syst\u00e8me informatique de donn\u00e9es\u00a0\u00bb, \u00ab\u00a0diffusion d\u2019images et de d\u00e9clarations d\u2019autrui sans consentement\u00a0\u00bb, \u00ab\u00a0diffusion de faits mensongers dans le but de nuire \u00e0 la vie priv\u00e9e d\u2019individus et diffamation\u00a0\u00bb, ainsi que pour \u00ab\u00a0participation et chantage\u00a0\u00bb.<\/p>\n<\/div>\n<p>Auteur: Mohammed KOURSI<br \/>\n<a href=\"http:\/\/www.mapmarrakech.ma\/fr\/affaire-hamza-mon-bb-ibtissam-b-placee-en-detention-preventive\/\">Cliquez ici pour lire l&rsquo;article depuis sa source.<\/a><\/p>\n","protected":false},"excerpt":{"rendered":"<p>Marrakech \u2013 Le juge d\u2019instruction du tribunal de premi\u00e8re instance de Marrakech a ordonn\u00e9, vendredi, le placement en d\u00e9tention pr\u00e9ventive de la d\u00e9nomm\u00e9 Ibtissam B. pour son implication pr\u00e9sum\u00e9e dans l\u2019affaire \u00ab\u00a0Hamza mon Bb\u00a0\u00bb, a indiqu\u00e9 une source bien inform\u00e9e. La mise en cause est poursuivie notamment pour \u00ab\u00a0participation \u00e0 l\u2019acc\u00e8s frauduleux au syst\u00e8me informatique [&hellip;]<\/p>\n","protected":false},"author":1788,"featured_media":78945,"comment_status":"closed","ping_status":"closed","sticky":false,"template":"","format":"standard","meta":{"fifu_image_url":"","fifu_image_alt":"","footnotes":""},"categories":[54,76],"tags":[],"class_list":["post-78944","post","type-post","status-publish","format-standard","has-post-thumbnail","hentry","category-maroc","category-regions"],"_links":{"self":[{"href":"https:\/\/linitiative.ca\/International\/wp-json\/wp\/v2\/posts\/78944","targetHints":{"allow":["GET"]}}],"collection":[{"href":"https:\/\/linitiative.ca\/International\/wp-json\/wp\/v2\/posts"}],"about":[{"href":"https:\/\/linitiative.ca\/International\/wp-json\/wp\/v2\/types\/post"}],"author":[{"embeddable":true,"href":"https:\/\/linitiative.ca\/International\/wp-json\/wp\/v2\/users\/1788"}],"replies":[{"embeddable":true,"href":"https:\/\/linitiative.ca\/International\/wp-json\/wp\/v2\/comments?post=78944"}],"version-history":[{"count":0,"href":"https:\/\/linitiative.ca\/International\/wp-json\/wp\/v2\/posts\/78944\/revisions"}],"wp:featuredmedia":[{"embeddable":true,"href":"https:\/\/linitiative.ca\/International\/wp-json\/"}],"wp:attachment":[{"href":"https:\/\/linitiative.ca\/International\/wp-json\/wp\/v2\/media?parent=78944"}],"wp:term":[{"taxonomy":"category","embeddable":true,"href":"https:\/\/linitiative.ca\/International\/wp-json\/wp\/v2\/categories?post=78944"},{"taxonomy":"post_tag","embeddable":true,"href":"https:\/\/linitiative.ca\/International\/wp-json\/wp\/v2\/tags?post=78944"}],"curies":[{"name":"wp","href":"https:\/\/api.w.org\/{rel}","templated":true}]}}