{"id":78947,"date":"2020-03-13T11:58:49","date_gmt":"2020-03-13T15:58:49","guid":{"rendered":"https:\/\/linitiative.ca\/International\/plus-de-300-000-quintaux-dagrumes-deja-recoltes-a-bejaia\/"},"modified":"2020-03-13T11:58:49","modified_gmt":"2020-03-13T15:58:49","slug":"plus-de-300-000-quintaux-dagrumes-deja-recoltes-a-bejaia","status":"publish","type":"post","link":"https:\/\/linitiative.ca\/International\/plus-de-300-000-quintaux-dagrumes-deja-recoltes-a-bejaia\/","title":{"rendered":"Plus de 300.000 quintaux d&rsquo;agrumes d\u00e9j\u00e0 r\u00e9colt\u00e9s \u00e0 Bejaia"},"content":{"rendered":"<div readability=\"38\">\n<p><strong>BEJAIA- Plus de 300.000 quintaux d\u2019agrumes, notamment l\u2019orange et la mandarine ont d\u00e9j\u00e0 \u00e9t\u00e9 collect\u00e9s \u00e0 Bejaia, laissant augurer une r\u00e9colte pr\u00e9visionnelle de plus de 400.000 quintaux en fin de campagne, indique vendredi un bilan de la Direction des Services agricoles (DSA) arr\u00eat\u00e9 au 10 mars dernier.<\/strong><\/p>\n<\/div>\n<div readability=\"107.715782123\">\n<p>Cette production a \u00e9t\u00e9 r\u00e9alis\u00e9e sur une superficie de 1571 hectares d\u2019un verger qui en contient 2130 hectares dont l\u2019essentiel des essences est compos\u00e9 d\u2019oranges Thomson (108 quintaux), la Washington (121.765 quintaux) et de la mandarine cl\u00e9mentine. L\u2019avancement de la campagne \u00e9tant estim\u00e9, \u00e0 ce titre, \u00e0 83 % avec un rendement de l\u2019ordre de 193,47 quintaux \u00e0 l\u2019hectare.<\/p>\n<blockquote readability=\"12\">\n<p><em><strong>Le r\u00e9sultat est consid\u00e9r\u00e9 comme positif d\u2019autant que ces derni\u00e8res ann\u00e9es les performances locales ont \u00e9t\u00e9 tr\u00e8s modestes pour diverses raisons et qui ont fini par installer une r\u00e9elle sinistrose parmi les professionnels dont beaucoup ont tout bonnement abandonn\u00e9 la culture pour s\u2019adonner \u00e0 autre choses, notamment la culture des c\u00e9r\u00e9ales offrant des avantages comparatifs nettement meilleurs, se lamentera, Mohamed Hamai, pr\u00e9sident de la chambre d\u2019agriculture et pr\u00e9sident de l\u2019association des agrumiculteurs de la wilaya.<\/strong><\/em><\/p>\n<\/blockquote>\n<p>De son point de vue, en dehors de la qualit\u00e9 du fruit, notamment l\u2019orange Thomson, juteuse et tr\u00e8s recherch\u00e9, \u00ab\u00a0la production est insignifiante\u00a0\u00bb , dira-t-il amer, expliquant que sans avoir \u00e9t\u00e9 un bassin agrumicole strat\u00e9gique, la r\u00e9gion a tout de m\u00eame constitu\u00e9 un p\u00f4le non n\u00e9gligeable pendant plusieurs d\u00e9cennies.<\/p>\n<hr\/>\n<p><strong>Lire aussi:\u00a0<\/strong><a href=\"http:\/\/www.aps.dz\/regions\/100444-exportation-les-agrumes-d-algerie-penetrent-le-marche-europeen\">Exportation: les agrumes d\u2019Alg\u00e9rie p\u00e9n\u00e8trent le march\u00e9 europ\u00e9en<\/a><\/p>\n<hr\/>\n<p>Mais h\u00e9las, regrette-t-il, r\u00e9p\u00e9tant telle une litanie toutes les contraintes qui emp\u00eachent la fili\u00e8re de retrouver ses marques, la plus \u00e9vidente \u00e9tant le vieillissement du verger dont plus de 30 % tient de l\u2019\u00e9poque coloniale et plus de la moiti\u00e9 est quinquag\u00e9naire (Plus de 50 ans), n\u00e9cessitant un rajeunissement int\u00e9gral. \u00ab\u00a0On ne peut pas, en toute objectivit\u00e9, en esp\u00e9rer des performances et si en parall\u00e8le on n\u2019am\u00e9liore pas grandement la cadence de r\u00e9novation des plantations\u00a0\u00bb, clame-t-il en pr\u00f4nant comme solution idoine l\u2019injection de nouveaux moyens dont l\u2019intensification des plantations.<\/p>\n<blockquote readability=\"10\">\n<p><em><strong>Il faut planter ou replanter en allant vers des vergers de 600 \u00e0 800 arbres \u00e0 l\u2019hectare\u00a0\u00bb, a-t-il soulign\u00e9 expliquant, que \u00ab\u00a0A 03 ans les nouveaux vergers rentrent en production et \u00e0 05 ans, ils atteignent leur pl\u00e9nitude avec des productions pouvant aller au-del\u00e0 de 60 kg par arbres\u00a0\u00bb.<\/strong><\/em><\/p>\n<\/blockquote>\n<p>C\u2019est dire le potentiel existant, d\u2019autant que les espaces d\u00e9di\u00e9s ne manquent pas.<\/p>\n<p>\u00ab\u00a0De l\u2019embouchure de Bejaia jusqu\u2019a Tazmalt, soit toute la r\u00e9gion occidentale de la wilaya est propice \u00e0 la plantation d\u2019agrumes, a contrario de la carte actuelle qui coince le bassin agrumicole dans le triangle<\/p>\n<p>r\u00e9unissant Amizour, ElKseur, et Timezrit\u00a0\u00bb, a-t-il indique, relevant n\u00e9anmoins que les superficies recens\u00e9es, ni leur production n\u2019int\u00e8grent pas les petites exploitations, dont les propri\u00e9taires ne b\u00e9n\u00e9ficient pas de la \u00ab\u00a0carte paysan\u00a0\u00bb et qui pr\u00e9destinent g\u00e9n\u00e9ralement leur moisson soit l\u2019autoconsommation ou \u00e0 la vente au d\u00e9tail et qui dans cette nouvelle configuration d\u2019intensification peuvent \u00eatre mobilis\u00e9s dans un objectif strat\u00e9gique.<\/p>\n<blockquote readability=\"20\">\n<p><em><strong>Pour autant la disponibilit\u00e9 des terrains n\u2019est pas un gage d\u2019avenir exclusif, ni d\u2019ailleurs celui de l\u2019intensification. La filiere bute sur d\u2019autres probl\u00e8mes aussi importants \u00e0 l\u2019instar de l\u2019irrigation devenue un casse-t\u00eate pour tous, faute de nouveaux moyens, notamment la g\u00e9n\u00e9ralisation du syst\u00e8me d\u2019aspersion au goutte \u00e0 goutte . \u00ab\u00a0Nous gaspillions beaucoup d\u2019eau avec une efficience amoindrie\u00a0\u00bb, a encore d\u00e9plor\u00e9 M.Hamai, \u00e9voquant notamment les p\u00e9riodes de stress hydrique ou l\u2019arbre exige pas moins de cinq litres d\u2019eau par jour, savamment r\u00e9partis pour lui assurer un apport r\u00e9gulier. Mais beaucoup, abondera dans ce sens dans ce sens, Hakim Aissat, chef de service , charg\u00e9 de l(organisation de productions et de l\u2019appui technique \u00e0 la DSA, pr\u00e9f\u00e8re la technique de la douche, ou \u00ab\u00a0Achouchef\u00a0\u00bb (En kabyle) en laissant l\u2019eau ruisseler \u00e0 volont\u00e9 par la rigole.<\/strong><\/em><\/p>\n<\/blockquote>\n<p>Quoiqu\u2019il en soit, cette campagne r\u00e9ussie , par-del\u00e0 l\u2019offre de l\u2019agrume \u00e0 volont\u00e9 dans la wilaya, donne l\u2019opportunit\u00e9 aux professionnels de faire le point et d&rsquo;entrevoir d\u2019autres mani\u00e8re de faire pour r\u00e9habiliter et les vergers et ses productions et redorer le blason de la fili\u00e8re qui perd des dizaines d\u2019hectares chaque saison.<\/p>\n<\/div>\n<p>Auteur:<br \/>\n<a href=\"http:\/\/www.aps.dz\/regions\/102969-plus-de-300-000-quintaux-d-agrumes-deja-recoltes-a-bejaia\">Cliquez ici pour lire l&rsquo;article depuis sa source.<\/a><\/p>\n","protected":false},"excerpt":{"rendered":"<p>BEJAIA- Plus de 300.000 quintaux d\u2019agrumes, notamment l\u2019orange et la mandarine ont d\u00e9j\u00e0 \u00e9t\u00e9 collect\u00e9s \u00e0 Bejaia, laissant augurer une r\u00e9colte pr\u00e9visionnelle de plus de 400.000 quintaux en fin de campagne, indique vendredi un bilan de la Direction des Services agricoles (DSA) arr\u00eat\u00e9 au 10 mars dernier. Cette production a \u00e9t\u00e9 r\u00e9alis\u00e9e sur une superficie [&hellip;]<\/p>\n","protected":false},"author":1790,"featured_media":0,"comment_status":"closed","ping_status":"closed","sticky":false,"template":"","format":"standard","meta":{"fifu_image_url":"","fifu_image_alt":"","footnotes":""},"categories":[53,76],"tags":[],"class_list":["post-78947","post","type-post","status-publish","format-standard","hentry","category-algerie","category-regions"],"_links":{"self":[{"href":"https:\/\/linitiative.ca\/International\/wp-json\/wp\/v2\/posts\/78947","targetHints":{"allow":["GET"]}}],"collection":[{"href":"https:\/\/linitiative.ca\/International\/wp-json\/wp\/v2\/posts"}],"about":[{"href":"https:\/\/linitiative.ca\/International\/wp-json\/wp\/v2\/types\/post"}],"author":[{"embeddable":true,"href":"https:\/\/linitiative.ca\/International\/wp-json\/wp\/v2\/users\/1790"}],"replies":[{"embeddable":true,"href":"https:\/\/linitiative.ca\/International\/wp-json\/wp\/v2\/comments?post=78947"}],"version-history":[{"count":0,"href":"https:\/\/linitiative.ca\/International\/wp-json\/wp\/v2\/posts\/78947\/revisions"}],"wp:attachment":[{"href":"https:\/\/linitiative.ca\/International\/wp-json\/wp\/v2\/media?parent=78947"}],"wp:term":[{"taxonomy":"category","embeddable":true,"href":"https:\/\/linitiative.ca\/International\/wp-json\/wp\/v2\/categories?post=78947"},{"taxonomy":"post_tag","embeddable":true,"href":"https:\/\/linitiative.ca\/International\/wp-json\/wp\/v2\/tags?post=78947"}],"curies":[{"name":"wp","href":"https:\/\/api.w.org\/{rel}","templated":true}]}}