{"id":78948,"date":"2020-03-12T18:30:32","date_gmt":"2020-03-12T22:30:32","guid":{"rendered":"https:\/\/linitiative.ca\/International\/le-fus-arrache-la-victoire-sur-la-pelouse-de-la-rsb\/"},"modified":"2020-03-12T18:30:32","modified_gmt":"2020-03-12T22:30:32","slug":"le-fus-arrache-la-victoire-sur-la-pelouse-de-la-rsb","status":"publish","type":"post","link":"https:\/\/linitiative.ca\/International\/le-fus-arrache-la-victoire-sur-la-pelouse-de-la-rsb\/","title":{"rendered":"Le FUS arrache la victoire sur la pelouse de la RSB"},"content":{"rendered":"<div class=\"single-featured\"><img alt=\"\" data-src=\"http:\/\/www.mapoujda.ma\/map\/uploads\/2019\/05\/RSB-vs-WAC-Botola-Maroc-T&#xE9;l&#xE9;com-D1.jpg\"\/><\/div>\n<div class=\"entry-content clearfix single-post-content\" readability=\"54\">\n<p class=\"c5\">Le FUS de Rabat a arrach\u00e9 la victoire sur la pelouse de la Renaissance de Berkane (1-0), au terme d\u2019un match retard comptant pour la 18\u00e8 journ\u00e9e de\u00a0Botola Pro D1.<\/p>\n<p class=\"c5\">Gr\u00e2ce \u00e0 l\u2019unique but de la rencontre sign\u00e9 Jean-Joseph Kombous, les Fussistes qui partageaient la troisi\u00e8me marche du podium avec les Berkanis, ont r\u00e9ussi \u00e0 s\u2019imposer \u00e0 Berkane lors d\u2019une partie tr\u00e8s disput\u00e9e entre les deux clubs.<\/p>\n<p class=\"c5\">Cette neuvi\u00e8me victoire de la saison a permis au club de la capitale de d\u00e9crocher la deuxi\u00e8me marche du podium avec un total de 35 points, derri\u00e8re le Wydad, d\u00e9sormais leader avec 36 unit\u00e9s \u00e0 la faveur de sa victoire, plus t\u00f4t dans la journ\u00e9e, face \u00e0 l\u2019Ittihad de Tanger (2-0).<\/p>\n<p class=\"c5\">Pour sa part, la Renaissance, qui s\u2019est cr\u00e9\u00e9e plusieurs occasions sans parvenir \u00e0 prendre l\u2019avantage, occupe d\u00e9sormais la quatri\u00e8me position avec 32 points.<\/p>\n<\/div>\n<p>Auteur: Soufiane ELAHMAR<br \/>\n<a href=\"http:\/\/www.mapoujda.ma\/fr\/le-fus-arrache-la-victoire-sur-la-pelouse-de-la-rsb\/\">Cliquez ici pour lire l&rsquo;article depuis sa source.<\/a><\/p>\n","protected":false},"excerpt":{"rendered":"<p>Le FUS de Rabat a arrach\u00e9 la victoire sur la pelouse de la Renaissance de Berkane (1-0), au terme d\u2019un match retard comptant pour la 18\u00e8 journ\u00e9e de\u00a0Botola Pro D1. Gr\u00e2ce \u00e0 l\u2019unique but de la rencontre sign\u00e9 Jean-Joseph Kombous, les Fussistes qui partageaient la troisi\u00e8me marche du podium avec les Berkanis, ont r\u00e9ussi \u00e0 [&hellip;]<\/p>\n","protected":false},"author":1788,"featured_media":78949,"comment_status":"closed","ping_status":"closed","sticky":false,"template":"","format":"standard","meta":{"fifu_image_url":"","fifu_image_alt":"","footnotes":""},"categories":[54,76],"tags":[],"class_list":["post-78948","post","type-post","status-publish","format-standard","has-post-thumbnail","hentry","category-maroc","category-regions"],"_links":{"self":[{"href":"https:\/\/linitiative.ca\/International\/wp-json\/wp\/v2\/posts\/78948","targetHints":{"allow":["GET"]}}],"collection":[{"href":"https:\/\/linitiative.ca\/International\/wp-json\/wp\/v2\/posts"}],"about":[{"href":"https:\/\/linitiative.ca\/International\/wp-json\/wp\/v2\/types\/post"}],"author":[{"embeddable":true,"href":"https:\/\/linitiative.ca\/International\/wp-json\/wp\/v2\/users\/1788"}],"replies":[{"embeddable":true,"href":"https:\/\/linitiative.ca\/International\/wp-json\/wp\/v2\/comments?post=78948"}],"version-history":[{"count":0,"href":"https:\/\/linitiative.ca\/International\/wp-json\/wp\/v2\/posts\/78948\/revisions"}],"wp:featuredmedia":[{"embeddable":true,"href":"https:\/\/linitiative.ca\/International\/wp-json\/"}],"wp:attachment":[{"href":"https:\/\/linitiative.ca\/International\/wp-json\/wp\/v2\/media?parent=78948"}],"wp:term":[{"taxonomy":"category","embeddable":true,"href":"https:\/\/linitiative.ca\/International\/wp-json\/wp\/v2\/categories?post=78948"},{"taxonomy":"post_tag","embeddable":true,"href":"https:\/\/linitiative.ca\/International\/wp-json\/wp\/v2\/tags?post=78948"}],"curies":[{"name":"wp","href":"https:\/\/api.w.org\/{rel}","templated":true}]}}