{"id":78950,"date":"2020-03-13T13:00:03","date_gmt":"2020-03-13T17:00:03","guid":{"rendered":"https:\/\/linitiative.ca\/International\/nador-la-9e-edition-du-ficmec-du-22-au-27-juin\/"},"modified":"2020-03-13T13:00:03","modified_gmt":"2020-03-13T17:00:03","slug":"nador-la-9e-edition-du-ficmec-du-22-au-27-juin","status":"publish","type":"post","link":"https:\/\/linitiative.ca\/International\/nador-la-9e-edition-du-ficmec-du-22-au-27-juin\/","title":{"rendered":"Nador: La 9\u00e8 \u00e9dition du FICMEC du 22 au 27 juin"},"content":{"rendered":"<p class=\"c5\">La ville de Nador abritera, du 22 au 27 juin prochain, la 9\u00e8me \u00e9dition du Festival international de cin\u00e9ma et m\u00e9moire commune (FICMEC).<\/p>\n<p class=\"c5\">Organis\u00e9 par le Centre de la m\u00e9moire commune pour la d\u00e9mocratie et la paix (CMCDP), le festival sera plac\u00e9 cette ann\u00e9e sous le th\u00e8me \u00a0\u00bbNous et l\u2019Am\u00e9rique latine : entre l\u2019histoire et la m\u00e9moire\u00a0\u00bb, annonce le Centre dans un communiqu\u00e9.<\/p>\n<p class=\"c5\">Ce th\u00e8me central sera d\u00e9clin\u00e9 et d\u00e9battu \u00e0 travers quatre axes o\u00f9 s\u2019articulent la pens\u00e9e, le son et l\u2019image, ajoute la m\u00eame source, pr\u00e9cisant qu\u2019il s\u2019agit des volets \u00ab\u00a0Art et culture\u00a0\u00bb, \u00ab\u00a0les Droits de l\u2019Homme\u00a0\u00bb, \u00ab\u00a0L\u2019histoire et la m\u00e9moire\u00a0\u00bb, et \u00ab\u00a0La politique\u00a0\u00bb.<\/p>\n<p class=\"c5\">En marge des actes du festival, le public sera au rendez-vous avec une s\u00e9rie de projections cin\u00e9matographiques, ainsi que des expositions d\u2019\u0153uvres artistiques de cr\u00e9ateurs issus aussi bien du Maroc que de l\u2019Am\u00e9rique latine.<\/p>\n<p class=\"c5\">Huit longs-m\u00e9trages, huit films documentaires et 12 courts-m\u00e9trages seront en comp\u00e9tition lors de cette 9\u00e8 \u00e9dition.<\/p>\n<p class=\"c5\">Le jury des longs-m\u00e9trages sera pr\u00e9sid\u00e9 par le journaliste marocain Brahim Salaki, et celui des films documentaires par le cin\u00e9aste allemand Dietmar Post, alors que la pr\u00e9sidence du jury des courts-m\u00e9trages a \u00e9t\u00e9 confi\u00e9e \u00e0 la cin\u00e9aste \u00e9gyptienne Hala Ghilal.<\/p>\n<p class=\"c5\">S\u2019agissant des prix disput\u00e9s par les films en comp\u00e9tition, les organisateurs font savoir qu\u2019il s\u2019agit pour la cat\u00e9gorie des longs-m\u00e9trages du Grand prix Marchica, du prix du meilleur sc\u00e9nario et des prix du meilleur r\u00f4le f\u00e9minin et meilleur r\u00f4le masculin.<\/p>\n<p class=\"c5\">S\u2019agissant de la comp\u00e9tition des films documentaires, seront d\u00e9cern\u00e9s le Grand prix Driss Benzekri et le prix \u00ab\u00a0M\u00e9moire de l\u2019avenir\u00a0\u00bb de la recherche documentaire. Par ailleurs, un seul prix est r\u00e9serv\u00e9 \u00e0 la comp\u00e9tition des courts-m\u00e9trages, \u00e0 savoir le Grand prix \u00ab\u00a0Moulins Saba\u00a0\u00bb.<\/p>\n<p class=\"c5\">Selon ses organisateurs, le FICMEC a pour finalit\u00e9s de cr\u00e9er un espace de d\u00e9bats \u00e0 travers la projection de films traitant du th\u00e8me de la m\u00e9moire commune, et de contribuer \u00e0 une meilleure connaissance de l\u2019autre dans un climat de paix, de tol\u00e9rance, d\u2019\u00e9quit\u00e9 et de respect des droits de l\u2019Homme.<\/p>\n<p>Auteur: Soufiane ELAHMAR<br \/>\n<a href=\"http:\/\/www.mapoujda.ma\/fr\/nador-la-9e-edition-du-ficmec-du-22-au-27-juin\/\">Cliquez ici pour lire l&rsquo;article depuis sa source.<\/a><\/p>\n","protected":false},"excerpt":{"rendered":"<p>La ville de Nador abritera, du 22 au 27 juin prochain, la 9\u00e8me \u00e9dition du Festival international de cin\u00e9ma et m\u00e9moire commune (FICMEC). Organis\u00e9 par le Centre de la m\u00e9moire commune pour la d\u00e9mocratie et la paix (CMCDP), le festival sera plac\u00e9 cette ann\u00e9e sous le th\u00e8me \u00a0\u00bbNous et l\u2019Am\u00e9rique latine : entre l\u2019histoire et [&hellip;]<\/p>\n","protected":false},"author":1788,"featured_media":0,"comment_status":"closed","ping_status":"closed","sticky":false,"template":"","format":"standard","meta":{"fifu_image_url":"","fifu_image_alt":"","footnotes":""},"categories":[54,76],"tags":[],"class_list":["post-78950","post","type-post","status-publish","format-standard","hentry","category-maroc","category-regions"],"_links":{"self":[{"href":"https:\/\/linitiative.ca\/International\/wp-json\/wp\/v2\/posts\/78950","targetHints":{"allow":["GET"]}}],"collection":[{"href":"https:\/\/linitiative.ca\/International\/wp-json\/wp\/v2\/posts"}],"about":[{"href":"https:\/\/linitiative.ca\/International\/wp-json\/wp\/v2\/types\/post"}],"author":[{"embeddable":true,"href":"https:\/\/linitiative.ca\/International\/wp-json\/wp\/v2\/users\/1788"}],"replies":[{"embeddable":true,"href":"https:\/\/linitiative.ca\/International\/wp-json\/wp\/v2\/comments?post=78950"}],"version-history":[{"count":0,"href":"https:\/\/linitiative.ca\/International\/wp-json\/wp\/v2\/posts\/78950\/revisions"}],"wp:attachment":[{"href":"https:\/\/linitiative.ca\/International\/wp-json\/wp\/v2\/media?parent=78950"}],"wp:term":[{"taxonomy":"category","embeddable":true,"href":"https:\/\/linitiative.ca\/International\/wp-json\/wp\/v2\/categories?post=78950"},{"taxonomy":"post_tag","embeddable":true,"href":"https:\/\/linitiative.ca\/International\/wp-json\/wp\/v2\/tags?post=78950"}],"curies":[{"name":"wp","href":"https:\/\/api.w.org\/{rel}","templated":true}]}}