{"id":78951,"date":"2020-03-13T13:36:29","date_gmt":"2020-03-13T17:36:29","guid":{"rendered":"https:\/\/linitiative.ca\/International\/covid-19-le-premier-cas-confirme-au-maroc-declare-gueri\/"},"modified":"2020-03-13T13:36:29","modified_gmt":"2020-03-13T17:36:29","slug":"covid-19-le-premier-cas-confirme-au-maroc-declare-gueri","status":"publish","type":"post","link":"https:\/\/linitiative.ca\/International\/covid-19-le-premier-cas-confirme-au-maroc-declare-gueri\/","title":{"rendered":"Covid-19: Le premier cas confirm\u00e9 au Maroc d\u00e9clar\u00e9 gu\u00e9ri"},"content":{"rendered":"<div class=\"single-featured\"><img alt=\"\" data-src=\"http:\/\/www.mapoujda.ma\/map\/uploads\/2020\/03\/Minist&#xE8;re-de-la-Sant&#xE9;-Marocaine-M750&#xD7;430-MAP.jpg\"\/><\/div>\n<div class=\"entry-content clearfix single-post-content\" readability=\"62\">\n<p class=\"c5\">Le minist\u00e8re de la Sant\u00e9 a annonc\u00e9, vendredi, que le Marocain provenant d\u2019Italie, qui a \u00e9t\u00e9 le premier cas confirm\u00e9 du nouveau Coronavirus au Maroc, est gu\u00e9ri.<\/p>\n<p class=\"c5\">Les tests m\u00e9dicaux et cliniques ont confirm\u00e9 le r\u00e9tablissement du patient, a fait savoir le minist\u00e8re dans un communiqu\u00e9, ajoutant que la personne concern\u00e9e quittera l\u2019h\u00f4pital ce vendredi soir.<\/p>\n<p class=\"c5\">Selon le bilan \u00e9pid\u00e9miologique du nouveau Coronavirus au Maroc, sept cas ont \u00e9t\u00e9 confirm\u00e9s, jusqu\u2019au 13 mars, dont un d\u00e9c\u00e8s, une femme \u00e2g\u00e9e de 89 ans, qui a \u00e9t\u00e9 enregistr\u00e9e comme le deuxi\u00e8me cas confirm\u00e9 de contamination au Covid-19, a soulign\u00e9 la m\u00eame source.<\/p>\n<p class=\"c5\">Le minist\u00e8re a assur\u00e9 que quatre autres cas confirm\u00e9s r\u00e9pondent positivement au traitement, et leur \u00e9tat est \u00ab\u00a0rassurant\u00a0\u00bb et en constante am\u00e9lioration, ajoutant que \u00ab\u00a0le cinqui\u00e8me cas, qui concerne une ressortissante fran\u00e7aise d\u2019origine s\u00e9n\u00e9galaise, se trouve toujours en soins intensifs en raison des maladies chroniques dont elle souffre\u00a0\u00bb.<\/p>\n<\/div>\n<p>Auteur: Soufiane ELAHMAR<br \/>\n<a href=\"http:\/\/www.mapoujda.ma\/fr\/covid-19-le-premier-cas-confirme-au-maroc-declare-gueri\/\">Cliquez ici pour lire l&rsquo;article depuis sa source.<\/a><\/p>\n","protected":false},"excerpt":{"rendered":"<p>Le minist\u00e8re de la Sant\u00e9 a annonc\u00e9, vendredi, que le Marocain provenant d\u2019Italie, qui a \u00e9t\u00e9 le premier cas confirm\u00e9 du nouveau Coronavirus au Maroc, est gu\u00e9ri. Les tests m\u00e9dicaux et cliniques ont confirm\u00e9 le r\u00e9tablissement du patient, a fait savoir le minist\u00e8re dans un communiqu\u00e9, ajoutant que la personne concern\u00e9e quittera l\u2019h\u00f4pital ce vendredi [&hellip;]<\/p>\n","protected":false},"author":1788,"featured_media":78952,"comment_status":"closed","ping_status":"closed","sticky":false,"template":"","format":"standard","meta":{"fifu_image_url":"","fifu_image_alt":"","footnotes":""},"categories":[54,76],"tags":[],"class_list":["post-78951","post","type-post","status-publish","format-standard","has-post-thumbnail","hentry","category-maroc","category-regions"],"_links":{"self":[{"href":"https:\/\/linitiative.ca\/International\/wp-json\/wp\/v2\/posts\/78951","targetHints":{"allow":["GET"]}}],"collection":[{"href":"https:\/\/linitiative.ca\/International\/wp-json\/wp\/v2\/posts"}],"about":[{"href":"https:\/\/linitiative.ca\/International\/wp-json\/wp\/v2\/types\/post"}],"author":[{"embeddable":true,"href":"https:\/\/linitiative.ca\/International\/wp-json\/wp\/v2\/users\/1788"}],"replies":[{"embeddable":true,"href":"https:\/\/linitiative.ca\/International\/wp-json\/wp\/v2\/comments?post=78951"}],"version-history":[{"count":0,"href":"https:\/\/linitiative.ca\/International\/wp-json\/wp\/v2\/posts\/78951\/revisions"}],"wp:featuredmedia":[{"embeddable":true,"href":"https:\/\/linitiative.ca\/International\/wp-json\/"}],"wp:attachment":[{"href":"https:\/\/linitiative.ca\/International\/wp-json\/wp\/v2\/media?parent=78951"}],"wp:term":[{"taxonomy":"category","embeddable":true,"href":"https:\/\/linitiative.ca\/International\/wp-json\/wp\/v2\/categories?post=78951"},{"taxonomy":"post_tag","embeddable":true,"href":"https:\/\/linitiative.ca\/International\/wp-json\/wp\/v2\/tags?post=78951"}],"curies":[{"name":"wp","href":"https:\/\/api.w.org\/{rel}","templated":true}]}}