{"id":78953,"date":"2020-03-13T06:01:00","date_gmt":"2020-03-13T10:01:00","guid":{"rendered":"https:\/\/linitiative.ca\/International\/le-nouveau-poumon-vert\/"},"modified":"2020-03-13T06:01:00","modified_gmt":"2020-03-13T10:01:00","slug":"le-nouveau-poumon-vert","status":"publish","type":"post","link":"https:\/\/linitiative.ca\/International\/le-nouveau-poumon-vert\/","title":{"rendered":"Le nouveau poumon vert"},"content":{"rendered":"<div class=\"author\" readability=\"5.6\">Par <a href=\"\/content\/l-economiste\">L&rsquo;Economiste<\/a> <a href=\"\/node\/\"> <\/a> | Edition N\u00b0:5717 Le 12\/03\/2020 | Partager <\/div>\n<div class=\"body\">\n<div class=\"field field-name-body field-type-text-with-summary field-label-hidden\">\n<div class=\"field-items\" readability=\"13\">\n<div class=\"field-item even\" property=\"content:encoded\" readability=\"21\">\n<p class=\"rtejustify\">Situ\u00e9 au coeur du p\u00f4le urbain Casa Anfa, un projet port\u00e9 par l\u2019Agence d\u2019urbanisation et de d\u00e9veloppement d\u2019Anfa (AUDA), Anfa Park englobera \u00e0 terme une superficie totale de 50 hectares. Une centaine d\u2019employ\u00e9s veillent \u00e0 la gestion de la s\u00e9curit\u00e9, la vid\u00e9osurveillance, le jardinage\u2026 Les frais d\u2019entretien, dont le montant n\u2019est pas divulgu\u00e9, sont support\u00e9s par l\u2019AUDA. Les projets immobiliers de la 1re tranche de Casa Anfa abritent d\u2019ores et d\u00e9j\u00e0 une population de plus de 7.000 habitants (sans compter les salari\u00e9s de CFC), sachant que le nouveau p\u00f4le urbain devrait accueillir \u00e0 terme 100.000 r\u00e9sidents. Sur les 1,2 million de m2 de la 1re tranche, 900.000 m2 sont d\u00e9j\u00e0 commercialis\u00e9s.<\/p>\n<p class=\"rtejustify\"><em>Reportage photos A. Jarfi<\/em><\/p>\n<\/div>\n<\/div>\n<\/div>\n<\/div>\n<div class=\"eco-conseil\">\n<div class=\"view view-eco-conseil-16 view-id-eco_conseil_16 view-display-id-cookies view-dom-id-3211bacce6c2fd637cea9668fc56bf4a\">\n<div class=\"view-content\">\n<div id=\"views-bootstrap-grid-1\" class=\"views-bootstrap-grid-plugin-style\">\n<div class=\"row\">\n<div class=\" col-xs-12 col-lg-4\">\n<div class=\"row\">\n<div class=\"col col-xs-12 col-lg-12\">\n<div class=\"field-content\"><a href=\"\/article\/1058607-central-park-au-coeur-de-casablanca\"><img loading=\"lazy\" decoding=\"async\" class=\"img-responsive\" typeof=\"foaf:Image\" src=\"https:\/\/www.leconomiste.com\/sites\/default\/files\/eco7\/public\/styles\/800x400\/public\/central-park-casablanca-017.jpg?itok=BxEbwLhB\" width=\"660\" height=\"330\" alt=\"Central Park au c\u0153ur de Casablanca \"\/><\/a><\/div>\n<\/div>\n<div class=\" title_suite_2 col col-xs-12 col-lg-12\"> <a href=\"\/article\/1058607-central-park-au-coeur-de-casablanca\"\/><span class=\"field-content\">Central Park au c\u0153ur de Casablanca <\/span><\/div>\n<\/div>\n<\/div>\n<\/div>\n<\/div>\n<\/div>\n<\/div>\n<\/div>\n<p>Auteur: hlafriqi<br \/>\n<a href=\"https:\/\/www.leconomiste.com\/article\/1058582-le-nouveau-poumon-vert\">Cliquez ici pour lire l&rsquo;article depuis sa source.<\/a><\/p>\n","protected":false},"excerpt":{"rendered":"<p>Par L&rsquo;Economiste | Edition N\u00b0:5717 Le 12\/03\/2020 | Partager Situ\u00e9 au coeur du p\u00f4le urbain Casa Anfa, un projet port\u00e9 par l\u2019Agence d\u2019urbanisation et de d\u00e9veloppement d\u2019Anfa (AUDA), Anfa Park englobera \u00e0 terme une superficie totale de 50 hectares. Une centaine d\u2019employ\u00e9s veillent \u00e0 la gestion de la s\u00e9curit\u00e9, la vid\u00e9osurveillance, le jardinage\u2026 Les frais [&hellip;]<\/p>\n","protected":false},"author":1763,"featured_media":0,"comment_status":"closed","ping_status":"closed","sticky":false,"template":"","format":"standard","meta":{"fifu_image_url":"","fifu_image_alt":"","footnotes":""},"categories":[78,54],"tags":[],"class_list":["post-78953","post","type-post","status-publish","format-standard","hentry","category-economie","category-maroc"],"_links":{"self":[{"href":"https:\/\/linitiative.ca\/International\/wp-json\/wp\/v2\/posts\/78953","targetHints":{"allow":["GET"]}}],"collection":[{"href":"https:\/\/linitiative.ca\/International\/wp-json\/wp\/v2\/posts"}],"about":[{"href":"https:\/\/linitiative.ca\/International\/wp-json\/wp\/v2\/types\/post"}],"author":[{"embeddable":true,"href":"https:\/\/linitiative.ca\/International\/wp-json\/wp\/v2\/users\/1763"}],"replies":[{"embeddable":true,"href":"https:\/\/linitiative.ca\/International\/wp-json\/wp\/v2\/comments?post=78953"}],"version-history":[{"count":0,"href":"https:\/\/linitiative.ca\/International\/wp-json\/wp\/v2\/posts\/78953\/revisions"}],"wp:attachment":[{"href":"https:\/\/linitiative.ca\/International\/wp-json\/wp\/v2\/media?parent=78953"}],"wp:term":[{"taxonomy":"category","embeddable":true,"href":"https:\/\/linitiative.ca\/International\/wp-json\/wp\/v2\/categories?post=78953"},{"taxonomy":"post_tag","embeddable":true,"href":"https:\/\/linitiative.ca\/International\/wp-json\/wp\/v2\/tags?post=78953"}],"curies":[{"name":"wp","href":"https:\/\/api.w.org\/{rel}","templated":true}]}}