{"id":78956,"date":"2020-03-13T06:30:00","date_gmt":"2020-03-13T10:30:00","guid":{"rendered":"https:\/\/linitiative.ca\/International\/migration-sommet-tripartite-a-istanbul\/"},"modified":"2020-03-13T06:30:00","modified_gmt":"2020-03-13T10:30:00","slug":"migration-sommet-tripartite-a-istanbul","status":"publish","type":"post","link":"https:\/\/linitiative.ca\/International\/migration-sommet-tripartite-a-istanbul\/","title":{"rendered":"Migration: Sommet tripartite \u00e0 Istanbul"},"content":{"rendered":"<div class=\"dnd-atom-wrapper type-image context-sdl_editor_representation atom-align-right\" contenteditable=\"false\">\n<div class=\"dnd-drop-wrapper\">\n<div class=\"image\"><img loading=\"lazy\" decoding=\"async\" typeof=\"foaf:Image\" class=\"img-responsive\" src=\"https:\/\/www.leconomiste.com\/sites\/default\/files\/eco7\/public\/thumbnails\/image\/erdogan-017.jpg\" width=\"397\" height=\"286\" alt=\"erdogan-017.jpg\" title=\"erdogan-017.jpg\"\/><\/div>\n<\/div>\n<\/div>\n<p class=\"rtejustify\">Le pr\u00e9sident turc veut impliquer davantage les Europ\u00e9ens dans la gestion de la migration. Du moins les pays les plus concern\u00e9s: la France et l\u2019Allemagne. A cet effet, un sommet tripartite est pr\u00e9vu le 17 mars \u00e0 Istanbul. La chanceli\u00e8re allemande Angela Merkel et le chef de l&rsquo;Etat fran\u00e7ais Emmanuel Macron y sont ainsi attendus.<\/p>\n<p class=\"rtejustify\">A l\u2019ordre du jour, des discussions sur les migrants et la Syrie. \u00abNous allons nous r\u00e9unir \u00e0 Istanbul la semaine prochaine, mardi 17 mars\u00bb, a dit Erdogan. Selon les propos du chef de l\u2019Etat turc, rapport\u00e9s mardi par l&rsquo;agence de presse\u00a0 officielle, le chef du gouvernement britannique Boris Johnson pourrait \u00e9galement \u00eatre pr\u00e9sent.<\/p>\n<p class=\"rtejustify\">Recep Tayyip Erdogan a indiqu\u00e9 qu&rsquo;il comptait initialement organiser ce sommet en fin de semaine, mais que cela n&rsquo;avait pas \u00e9t\u00e9 possible en raison des \u00e9lections municipales qui se tiendront dimanche en France.<\/p>\n<p class=\"rtejustify\">Sollicit\u00e9e par l&rsquo;AFP, la pr\u00e9sidence fran\u00e7aise n&rsquo;a pas confirm\u00e9 le sommet annonc\u00e9.<br \/>Le pr\u00e9sident turc r\u00e9pondait aux questions de journalistes \u00e0 bord de l&rsquo;avion le ramenant lundi 9 mars d&rsquo;un sommet \u00e0 Bruxelles consacr\u00e9 \u00e0 un nouvel afflux de migrants vers l&rsquo;Europe depuis la Turquie. Ankara a annonc\u00e9 il y a deux semaines l&rsquo;ouverture de ses portes avec l&rsquo;Europe pour permettre \u00e0 des milliers de migrants de passer, provoquant un afflux \u00e0 la fronti\u00e8re grecque et r\u00e9veillant \u00e0 Bruxelles la crainte d&rsquo;une crise similaire \u00e0 celle de 2015. Pour Ankara, l&rsquo;UE doit prendre sa \u00abpart du fardeau\u00bb mais celle-ci d\u00e9nonce un \u00abchantage\u00bb aux migrants.<\/p>\n<p class=\"rtejustify\">Lors du sommet \u00e0 Bruxelles lundi, l&rsquo;UE a appel\u00e9 la Turquie \u00e0 \u00abrespecter les engagements\u00bb issus de l\u2019accord conclu en mars 2016, qui pr\u00e9voit que les migrants restent en Turquie, en \u00e9change notamment d&rsquo;une aide financi\u00e8re europ\u00e9enne.<\/p>\n<p class=\"rtejustify\">En revanche, Erdogan a vivement critiqu\u00e9 les mesures prises par la Gr\u00e8ce qui a utilis\u00e9 des grenades lacrymog\u00e8nes et des canons \u00e0 eau pour emp\u00eacher les migrants de franchir sa fronti\u00e8re. \u00abC&rsquo;est un crime. Ils devront rendre des comptes. Mon conseil \u00e0 la Gr\u00e8ce: ouvrez vos portes. Ces gens ne veulent pas rester en Gr\u00e8ce. Laissez-les entrer et se rendre dans d&rsquo;autres pays europ\u00e9ens\u00bb, a-t-il dit.<\/p>\n<p class=\"rtejustify\">Peu avant la publication de ces propos, le chef de la diplomatie turque Mevl\u00fct Cavusoglu avait dit \u00abqu&rsquo;Ankara esp\u00e9rait \u00e9baucher un nouvel accord avec l&rsquo;UE pour r\u00e9gler la question migratoire d&rsquo;ici le 26 mars, date o\u00f9 se tiendra un sommet du Conseil europ\u00e9en\u00bb.<\/p>\n<p class=\"rtejustify\">L&rsquo;annonce par Erdogan de la prochaine visite de Merkel et de Macron intervient par ailleurs au moment o\u00f9 la situation humanitaire est catastrophique dans la province d&rsquo;Idleb, dans le nord-ouest de la Syrie.<\/p>\n<p class=\"rtejustify\">Apr\u00e8s plusieurs semaines d&rsquo;escalade ayant d\u00e9bouch\u00e9 sur des affrontements in\u00e9dits entre l&rsquo;arm\u00e9e turque et le r\u00e9gime syrien appuy\u00e9 par Moscou, Erdogan et son homologue russe Vladimir Poutine ont conclu la semaine derni\u00e8re un cessez-le-feu.<\/p>\n<p class=\"rtejustify\">Depuis d\u00e9cembre, pr\u00e8s d&rsquo;un million de personnes ont \u00e9t\u00e9 d\u00e9plac\u00e9es par les violences \u00e0 Idleb, en grande majorit\u00e9 vers la fronti\u00e8re turque. La Turquie, o\u00f9 vivent d\u00e9j\u00e0 quelque 3,6 millions de r\u00e9fugi\u00e9s syriens, refuse d&rsquo;en accueillir davantage.<\/p>\n<p class=\"rtejustify\"><em>A.G.<\/em><\/p>\n<p>Auteur: hlafriqi<br \/>\n<a href=\"https:\/\/www.leconomiste.com\/article\/1058611-migration-sommet-tripartite-istanbul\">Cliquez ici pour lire l&rsquo;article depuis sa source.<\/a><\/p>\n","protected":false},"excerpt":{"rendered":"<p>Le pr\u00e9sident turc veut impliquer davantage les Europ\u00e9ens dans la gestion de la migration. Du moins les pays les plus concern\u00e9s: la France et l\u2019Allemagne. A cet effet, un sommet tripartite est pr\u00e9vu le 17 mars \u00e0 Istanbul. La chanceli\u00e8re allemande Angela Merkel et le chef de l&rsquo;Etat fran\u00e7ais Emmanuel Macron y sont ainsi attendus. [&hellip;]<\/p>\n","protected":false},"author":1763,"featured_media":78957,"comment_status":"closed","ping_status":"closed","sticky":false,"template":"","format":"standard","meta":{"fifu_image_url":"","fifu_image_alt":"","footnotes":""},"categories":[78,54],"tags":[],"class_list":["post-78956","post","type-post","status-publish","format-standard","has-post-thumbnail","hentry","category-economie","category-maroc"],"_links":{"self":[{"href":"https:\/\/linitiative.ca\/International\/wp-json\/wp\/v2\/posts\/78956","targetHints":{"allow":["GET"]}}],"collection":[{"href":"https:\/\/linitiative.ca\/International\/wp-json\/wp\/v2\/posts"}],"about":[{"href":"https:\/\/linitiative.ca\/International\/wp-json\/wp\/v2\/types\/post"}],"author":[{"embeddable":true,"href":"https:\/\/linitiative.ca\/International\/wp-json\/wp\/v2\/users\/1763"}],"replies":[{"embeddable":true,"href":"https:\/\/linitiative.ca\/International\/wp-json\/wp\/v2\/comments?post=78956"}],"version-history":[{"count":0,"href":"https:\/\/linitiative.ca\/International\/wp-json\/wp\/v2\/posts\/78956\/revisions"}],"wp:featuredmedia":[{"embeddable":true,"href":"https:\/\/linitiative.ca\/International\/wp-json\/"}],"wp:attachment":[{"href":"https:\/\/linitiative.ca\/International\/wp-json\/wp\/v2\/media?parent=78956"}],"wp:term":[{"taxonomy":"category","embeddable":true,"href":"https:\/\/linitiative.ca\/International\/wp-json\/wp\/v2\/categories?post=78956"},{"taxonomy":"post_tag","embeddable":true,"href":"https:\/\/linitiative.ca\/International\/wp-json\/wp\/v2\/tags?post=78956"}],"curies":[{"name":"wp","href":"https:\/\/api.w.org\/{rel}","templated":true}]}}