{"id":78960,"date":"2020-03-13T07:00:00","date_gmt":"2020-03-13T11:00:00","guid":{"rendered":"https:\/\/linitiative.ca\/International\/coronavirus-le-danger-guette\/"},"modified":"2020-03-13T07:00:00","modified_gmt":"2020-03-13T11:00:00","slug":"coronavirus-le-danger-guette","status":"publish","type":"post","link":"https:\/\/linitiative.ca\/International\/coronavirus-le-danger-guette\/","title":{"rendered":"Coronavirus: Le danger guette!"},"content":{"rendered":"<div class=\"dnd-atom-wrapper type-image context-sdl_editor_representation\" contenteditable=\"false\">\n<div class=\"dnd-drop-wrapper\">\n<div class=\"image\"><img loading=\"lazy\" decoding=\"async\" typeof=\"foaf:Image\" class=\"img-responsive\" src=\"https:\/\/www.leconomiste.com\/sites\/default\/files\/eco7\/public\/thumbnails\/image\/coronavirus-017_0.jpg\" width=\"660\" height=\"330\" alt=\"coronavirus-017.jpg\" title=\"coronavirus-017.jpg\"\/><\/div>\n<\/div>\n<\/div>\n<p class=\"rtejustify\"><strong>\u25a0 La transparence? Essentielle!<\/strong><br \/>A-t-on jusqu\u2019\u00e0 pr\u00e9sent la moindre info sur les personnes que le second cas de coronavirus au Maroc a c\u00f4toy\u00e9es depuis son entr\u00e9e sur le territoire? Par ailleurs, a-t-on effectu\u00e9 des tests sur son entourage ou sur sa famille? Y a-t-il eu des mises en quarantaine? C\u2019est pourtant le r\u00f4le du gouvernement de communiquer et de faire le suivi face \u00e0 ce d\u00e9but de contamination! Seule la transparence permettra de rassurer le peuple et de r\u00e9pondre \u00e0 ses multiples interrogations quotidiennes! L\u2019Etat doit donc trouver la bonne mani\u00e8re d\u2019informer, cette derni\u00e8re devant \u00eatre riche et efficace avant tout.<br \/><em>E.T.<\/em><\/p>\n<p class=\"rtejustify\"><strong>\u25a0 D\u00e9pister pour prot\u00e9ger la nation<\/strong><br \/>Principale solution \u00e0 cette \u00e9pid\u00e9mie qui menace dangereusement notre pays ? D\u00e9pister les \u00e9trangers provenant de pays particuli\u00e8rement contamin\u00e9s avant qu\u2019ils n\u2019entrent en contact avec les Marocains !<br \/><em>F.P.<\/em><\/p>\n<p class=\"rtejustify\"><strong>\u25a0 Des mesures draconiennes insuffisantes<\/strong><br \/>Les mesures prises par le gouvernement pour \u00e9viter que le virus ne se propage \u2013 incluant entre autre l\u2019interdiction d\u2019\u00e9v\u00e8nements sportifs et culturels \u00e0 grande \u00e9chelle \u2013 ne sont pas suffisantes pour autant. Il faudrait interdire l\u2019entr\u00e9e sur le territoire marocain des non r\u00e9sidents et imposer la quarantaine \u00e0 tous ceux qui y entrent.<br \/><em>M.A.<\/em><\/p>\n<p class=\"rtejustify\"><strong>\u25a0 La sant\u00e9 d\u2019abord!<\/strong><br \/>Mawazine est bel et bien maintenu\u2026 A quoi est-on en train de jouer? Loin du moindre calcul politique ou id\u00e9ologique, soyons raisonnables pour l\u2019amour du pays! C\u2019est de la sant\u00e9 des citoyens qu\u2019on parle! Le gouvernement, particuli\u00e8rement responsable face \u00e0 cette situation, doit intervenir et reprendre le contr\u00f4le!<br \/><em>M.D.<\/em><\/p>\n<p class=\"rtejustify\"><strong>\u25a0 Revoyons nos comportements<\/strong><br \/>Si seulement les Marocains se prot\u00e9geaient au moment d\u2019\u00e9ternuer! Mais, en r\u00e9alit\u00e9, il n\u2019en est rien. Nos citoyens \u00e9ternuent en plein public sans m\u00eame penser qu\u2019ils contamineraient d\u2019autres personnes\u2026 Revoyons nos comportements.o<br \/><em>J.L.<\/em><\/p>\n<p class=\"rtecenter\"><strong><u>\u00a0\u00a0\u00a0\u00a0\u00a0\u00a0\u00a0\u00a0\u00a0\u00a0\u00a0\u00a0\u00a0\u00a0\u00a0\u00a0\u00a0\u00a0\u00a0\u00a0\u00a0\u00a0\u00a0\u00a0\u00a0\u00a0\u00a0\u00a0\u00a0\u00a0\u00a0\u00a0\u00a0\u00a0\u00a0\u00a0\u00a0\u00a0\u00a0\u00a0\u00a0\u00a0\u00a0\u00a0\u00a0\u00a0\u00a0\u00a0\u00a0\u00a0\u00a0\u00a0\u00a0\u00a0\u00a0\u00a0\u00a0\u00a0\u00a0\u00a0\u00a0\u00a0\u00a0\u00a0\u00a0\u00a0\u00a0\u00a0\u00a0\u00a0\u00a0\u00a0\u00a0\u00a0\u00a0\u00a0\u00a0\u00a0\u00a0\u00a0\u00a0\u00a0 <\/u><\/strong><\/p>\n<p class=\"rtecenter\"><strong>De nouveaux chantiers pour repenser Tamesna<\/strong><\/p>\n<p class=\"rtejustify\">Pour\u00a0 relancer la ville de Tamesna, le groupe Al Omrane vient de d\u00e9voiler son plan d\u2019action. Au total, pas moins de 55 \u00e9quipements ont \u00e9t\u00e9 mis en place, dont des \u00e9tablissements d\u2019enseignement et des centres de sant\u00e9. Mais le probl\u00e8me du transport, autant \u00e0 l\u2019int\u00e9rieur qu\u2019\u00e0 l\u2019ext\u00e9rieur de la province, reste pos\u00e9\u2026 Les r\u00e9actions de nos lecteurs.<a href=\"https:\/\/leconomiste.com\/archive\/edition\/5712\" target=\"_blank\" rel=\"noopener noreferrer\"><span><strong><em> (cf. notre \u00e9dition du 05\/ 03 \/2020)\u00a0\u00a0<\/em><\/strong><\/span><\/a> \u00a0\u00a0\u00a0 \u00a0<\/p>\n<p><strong>\u25a0 Des bus pour connecter la ville \u00e0 la capitale<\/strong><br \/>La ville de Tamesna doit \u00eatre parfaitement connect\u00e9e \u00e0 la capitale puisqu\u2019elle a \u00e9t\u00e9 con\u00e7ue dans cet esprit. Et cela ne peut se faire que si les moyens de transport reliant les deux villes sont en nombre suffisant et si le r\u00e9seau routier les connectant est de bonne facture. Ce qui est loin d\u2019\u00eatre le cas aujourd\u2019hui. En effet, le nombre de bus demeure jusqu\u2019\u00e0 pr\u00e9sent insuffisant et plusieurs quartiers strat\u00e9giques ne sont toujours pas desservis! Sans parler de la ligne qui a \u00e9t\u00e9 supprim\u00e9e et du transport informel particuli\u00e8rement pr\u00e9sent.<br \/><em>N.N.<\/em><\/p>\n<p><strong>\u25a0 Le ramassage des ordures point\u00e9 du doigt<\/strong><br \/>En plus du probl\u00e8me de transport, le ramassage des ordures doit aussi \u00eatre point\u00e9 du doigt! En effet, la soci\u00e9t\u00e9 qui en a actuellement\u00a0 la charge ne semble pas \u00e0 la hauteur des attentes escompt\u00e9es. En outre, l\u2019occupation de l\u2019espace public par les marchands ambulants y fait rage.<br \/><em>A.L.<\/em><\/p>\n<p class=\"rtecenter\"><strong><u>\u00a0\u00a0\u00a0\u00a0\u00a0\u00a0\u00a0\u00a0\u00a0\u00a0\u00a0\u00a0\u00a0\u00a0\u00a0\u00a0\u00a0\u00a0\u00a0\u00a0\u00a0\u00a0\u00a0\u00a0\u00a0\u00a0\u00a0\u00a0\u00a0\u00a0\u00a0\u00a0\u00a0\u00a0\u00a0\u00a0\u00a0\u00a0\u00a0\u00a0\u00a0\u00a0\u00a0\u00a0\u00a0\u00a0\u00a0\u00a0\u00a0\u00a0\u00a0\u00a0\u00a0\u00a0\u00a0\u00a0\u00a0\u00a0\u00a0\u00a0\u00a0\u00a0\u00a0\u00a0\u00a0\u00a0\u00a0\u00a0\u00a0\u00a0\u00a0\u00a0\u00a0\u00a0\u00a0\u00a0\u00a0\u00a0\u00a0\u00a0\u00a0\u00a0 <\/u><\/strong><\/p>\n<p class=\"rtecenter\"><strong>Sebta: Halte aux d\u00e9rives du commerce transfrontalier<\/strong><\/p>\n<div class=\"dnd-atom-wrapper type-image context-sdl_editor_representation\" contenteditable=\"false\">\n<div class=\"dnd-drop-wrapper\">\n<div class=\"image\"><img loading=\"lazy\" decoding=\"async\" typeof=\"foaf:Image\" class=\"img-responsive\" src=\"https:\/\/leconomiste.com\/sites\/default\/files\/eco7\/public\/thumbnails\/image\/sebta-012.jpg\" width=\"660\" height=\"330\" alt=\"sebta-012.jpg\" title=\"sebta-012.jpg\"\/><\/div>\n<\/div>\n<\/div>\n<p class=\"rtejustify\">Apr\u00e8s la fermeture de la fronti\u00e8re aux marchandises, le commerce commence \u00e0 s\u2019essouffler \u00e0 Sebta. Pour \u00e9viter l\u2019embrasement, les autorit\u00e9s espagnoles ont d\u00e9cid\u00e9 de r\u00e9duire significativement les imp\u00f4ts de la zone. Quoi qu\u2019il en soit, la d\u00e9cision du Maroc a vivement \u00e9t\u00e9 soutenue par nos lecteurs, en grande partie pour! <a href=\"https:\/\/leconomiste.com\/archive\/edition\/5712\" target=\"_blank\" rel=\"noopener noreferrer\"><span><strong><em>(cf. notre \u00e9dition du 05\/ 03 \/2020)\u00a0\u00a0 <\/em><\/strong><\/span><\/a>\u00a0<\/p>\n<p class=\"rtejustify\"><strong>\u25a0 Des produits dangereux pour la sant\u00e9!<\/strong><br \/>Le Maroc a bien fait de stopper ce flux de produits non contr\u00f4l\u00e9s, pouvant occasionner de s\u00e9rieuses retomb\u00e9es sur la sant\u00e9 des citoyens! La fermeture des fronti\u00e8res aux marchandises \u00e9tait donc n\u00e9cessaire\u2026<br \/><em>A.A.<\/em><\/p>\n<p class=\"rtejustify\"><strong>\u25a0\u00a0 Encourageons les produits locaux<\/strong><br \/>Il \u00e9tait grand temps d\u2019arr\u00eater la mafia de l\u2019import. D\u2019autant plus que c\u2019est le petit consommateur local qui paye le prix de ces entourloupes. Il faut tout fermer et encourager les produits marocains au niveau local!o<br \/><em>M.H.<\/em><\/p>\n<p class=\"rtecenter\"><strong><u>\u00a0\u00a0\u00a0\u00a0\u00a0\u00a0\u00a0\u00a0\u00a0\u00a0\u00a0\u00a0\u00a0\u00a0\u00a0\u00a0\u00a0\u00a0\u00a0\u00a0\u00a0\u00a0\u00a0\u00a0\u00a0\u00a0\u00a0\u00a0\u00a0\u00a0\u00a0\u00a0\u00a0\u00a0\u00a0\u00a0\u00a0\u00a0\u00a0\u00a0\u00a0\u00a0\u00a0\u00a0\u00a0\u00a0\u00a0\u00a0\u00a0\u00a0\u00a0\u00a0\u00a0\u00a0\u00a0\u00a0\u00a0\u00a0\u00a0\u00a0\u00a0\u00a0\u00a0\u00a0\u00a0\u00a0\u00a0\u00a0\u00a0\u00a0\u00a0\u00a0\u00a0\u00a0\u00a0\u00a0\u00a0\u00a0\u00a0\u00a0\u00a0\u00a0 <\/u><\/strong><\/p>\n<p class=\"rtecenter\"><strong>Stade Hassan II \u00e0 F\u00e8s Automatisons pour limiter la casse<\/strong><\/p>\n<p>Les cas de casse durant les matchs Botola se multiplient ces derniers temps. Ceci est d\u00fb au fait que l\u2019on permet \u00e0 des adolescents d\u2019acc\u00e9der aux stades uniquement pour remplir les gradins. La solution \u00e0 ce probl\u00e8me? Il faudrait, en plus de l\u2019achat du billet, instaurer pour les spectateurs une carte identitaire obligatoire prenant la forme d\u2019une licence de supporter. Mais, cela n\u00e9cessiterait d\u2019\u00e9quiper chaque stade concern\u00e9 de portiques automatis\u00e9s, permettant d\u2019analyser en temps r\u00e9el l\u2019identit\u00e9 de chaque participant ou encore sa fr\u00e9quence d\u2019acc\u00e8s au stade.<br \/>Une licence qui permettrait \u00e9galement au public de b\u00e9n\u00e9ficier de r\u00e9ductions sur les billets d\u2019acc\u00e8s.<br \/><em>M.M.<\/em><\/p>\n<p class=\"rtejustify\">\u00a0<\/p>\n<p>Auteur: hlafriqi<br \/>\n<a href=\"https:\/\/www.leconomiste.com\/article\/1058609-coronavirus-le-danger-guette\">Cliquez ici pour lire l&rsquo;article depuis sa source.<\/a><\/p>\n","protected":false},"excerpt":{"rendered":"<p>\u25a0 La transparence? Essentielle!A-t-on jusqu\u2019\u00e0 pr\u00e9sent la moindre info sur les personnes que le second cas de coronavirus au Maroc a c\u00f4toy\u00e9es depuis son entr\u00e9e sur le territoire? Par ailleurs, a-t-on effectu\u00e9 des tests sur son entourage ou sur sa famille? Y a-t-il eu des mises en quarantaine? C\u2019est pourtant le r\u00f4le du gouvernement de [&hellip;]<\/p>\n","protected":false},"author":1763,"featured_media":78961,"comment_status":"closed","ping_status":"closed","sticky":false,"template":"","format":"standard","meta":{"fifu_image_url":"","fifu_image_alt":"","footnotes":""},"categories":[78,54],"tags":[],"class_list":["post-78960","post","type-post","status-publish","format-standard","has-post-thumbnail","hentry","category-economie","category-maroc"],"_links":{"self":[{"href":"https:\/\/linitiative.ca\/International\/wp-json\/wp\/v2\/posts\/78960","targetHints":{"allow":["GET"]}}],"collection":[{"href":"https:\/\/linitiative.ca\/International\/wp-json\/wp\/v2\/posts"}],"about":[{"href":"https:\/\/linitiative.ca\/International\/wp-json\/wp\/v2\/types\/post"}],"author":[{"embeddable":true,"href":"https:\/\/linitiative.ca\/International\/wp-json\/wp\/v2\/users\/1763"}],"replies":[{"embeddable":true,"href":"https:\/\/linitiative.ca\/International\/wp-json\/wp\/v2\/comments?post=78960"}],"version-history":[{"count":0,"href":"https:\/\/linitiative.ca\/International\/wp-json\/wp\/v2\/posts\/78960\/revisions"}],"wp:featuredmedia":[{"embeddable":true,"href":"https:\/\/linitiative.ca\/International\/wp-json\/"}],"wp:attachment":[{"href":"https:\/\/linitiative.ca\/International\/wp-json\/wp\/v2\/media?parent=78960"}],"wp:term":[{"taxonomy":"category","embeddable":true,"href":"https:\/\/linitiative.ca\/International\/wp-json\/wp\/v2\/categories?post=78960"},{"taxonomy":"post_tag","embeddable":true,"href":"https:\/\/linitiative.ca\/International\/wp-json\/wp\/v2\/tags?post=78960"}],"curies":[{"name":"wp","href":"https:\/\/api.w.org\/{rel}","templated":true}]}}