{"id":78962,"date":"2020-03-13T15:14:02","date_gmt":"2020-03-13T19:14:02","guid":{"rendered":"https:\/\/linitiative.ca\/International\/equipe-dalgerie-exclusif-medjani-cest-a-celui-qui-veut-jouer-pour-lalgerie-de-poser-un-genou-par-terre-et-non-linverse\/"},"modified":"2020-03-13T15:14:02","modified_gmt":"2020-03-13T19:14:02","slug":"equipe-dalgerie-exclusif-medjani-cest-a-celui-qui-veut-jouer-pour-lalgerie-de-poser-un-genou-par-terre-et-non-linverse","status":"publish","type":"post","link":"https:\/\/linitiative.ca\/International\/equipe-dalgerie-exclusif-medjani-cest-a-celui-qui-veut-jouer-pour-lalgerie-de-poser-un-genou-par-terre-et-non-linverse\/","title":{"rendered":"Equipe d&rsquo;Alg\u00e9rie : Exclusif: Medjani \u00abC\u2019est \u00e0 celui qui veut jouer pour l\u2019Alg\u00e9rie de poser un genou par terre et non l\u2019inverse \u00bb"},"content":{"rendered":"<div readability=\"32\">\n<p>Auteur : <span>Moumen Ait Kaci Ali<\/span> <span class=\"time\">vendredi 13 mars 2020 14:12<\/span><\/p>\n<\/div>\n<div id=\"post_core\" readability=\"129\">\n<p>Dans ce long entretien exclusif accord\u00e9 au Buteur, l\u2019ancien capitaine de l\u2019EN, Carl Medjani, revient, avec sa franchise habituelle sur l\u2019hommage que compte lui rendre la FAF. Ex-cadre influent dans ce groupe des Verts, Carl revient sur plusieurs v\u00e9rit\u00e9s jamais divulgu\u00e9es concernant sa vie en s\u00e9lection nationale.<br \/><strong>Tout d\u2019abord Carl, vous pourriez nous parler de votre situation sportive actuelle ?<\/strong><br \/>\u00c7a se passe bien, j\u2019ai sign\u00e9 une licence amateur dans un club qui \u00e9volue au plus haut niveau o\u00f9 je vis en France. C\u2019est un club pr\u00e9sid\u00e9 par un ami \u00e0 moi. Je suis le parrain de cette \u00e9quipe et on envisage de mettre en place un grand projet pour l\u2019avenir. C\u2019est aussi le club du d\u00e9but de ma carri\u00e8re donc je prends du plaisir \u00e0 jouer avec eux.<br \/>\u00a0<strong>Vous pr\u00e9parez votre reconversion en parall\u00e8le ?<\/strong><br \/>Oui, d\u2019abord avec mon nouveau club o\u00f9 on a envie de fusionner deux ou trois clubs de la r\u00e9gion pour cr\u00e9er un seul club, pour devenir plus performant. Ce projet devrait voir le jour l\u2019ann\u00e9e prochaine. Normalement, je devrais avoir un r\u00f4le important dans la gestion sportive de ce club.<br \/><strong>Une riche carri\u00e8re avec pas mal de grands clubs, on citera Liverpool et Monaco, que gardez-vous de votre parcours professionnel ?<\/strong><br \/>\u00a0J\u2019ai eu la chance d\u2019avoir jou\u00e9 pour des clubs de cinq pays diff\u00e9rents. Cela m\u2019a permis, sur le plan humain, d\u2019apprendre beaucoup de choses. J\u2019ai aussi d\u00e9couvert plusieurs cultures et aujourd\u2019hui, je suis une personne meilleure dans le sens o\u00f9 j\u2019ai connu plusieurs personnes dans le sport. Si on rajoute \u00e0 cela le fait d\u2019avoir \u00e9t\u00e9 international alg\u00e9rien pendant 8 ans et \u00e9t\u00e9 capitaine de cette s\u00e9lection, j\u2019ai vu des pays et des choses dans ce continent qui m\u2019ont permis de relativiser dans la vie quotidienne et de ce qu\u2019on peut vivre en tant qu\u2019hommes. Je suis fier d\u2019avoir eu une carri\u00e8re riche sur le plan sportif et surtout sur le plan humain, cela n\u2019a pas de prix.<br \/><strong>En \u00e9voquant la s\u00e9lection, les supporteurs de l\u2019EN gardent de vous l\u2019image d\u2019un joueur qui a toujours mouill\u00e9 le maillot, qu\u2019est-ce que cela vous fait de l\u2019apprendre ?<\/strong><br \/>Pour moi, sur un terrain de football, c\u2019est la chose la plus importante. Si on revient sur la cons\u00e9cration de l\u2019EN, \u00e0 la derni\u00e8re CAN, c\u2019est justement parce que tous les joueurs mouillaient le maillot et chacun a pu apporter son talent au collectif pour que l\u2019\u00e9quipe devienne championne. A un moment donn\u00e9, on a eu beaucoup de talents en Equipe nationale mais tout le monde ne mouillait pas le maillot en m\u00eame temps, ce qui fait que nous n\u2019avons pas pu avoir les r\u00e9sultats qu\u2019on aurait d\u00fb avoir avant. Maintenant qu\u2019on garde de moi le souvenir d\u2019un joueur qui se donne \u00e0 fond e t mouille le maillot, cela me fait chaud au c\u0153ur car je suis quelqu\u2019un qui conna\u00eet ses qualit\u00e9s et ses limites aussi dans le football. J\u2019ai fait ma carri\u00e8re au tour de ces valeurs-l\u00e0, l\u2019entraide, de combats et d\u2019esprit guerrier. C\u2019est ce que j\u2019essayerai de transmettre aux g\u00e9n\u00e9rations futures et \u00e0 mes enfants, inch\u2019Allah.<br \/><strong>C\u2019est le cas de Mehdi Mostefa qui a aussi d\u00e9pann\u00e9 et jou\u00e9 dans tous les postes ?<\/strong><br \/>\u00a0Oui, Mehdi m\u00e9rite le prix du sacrifice, tout comme Mesbah, Lacen et Rais Mbolhi, dont on n\u2019en parle pas. J\u2019ai envie de dire aujourd\u2019hui qu\u2019on n\u2019a pas toujours tr\u00e8s bien pris le fait qu\u2019un binational rejoigne l\u2019Equipe nationale, mais lorsqu\u2019on regarde ces joueurs qu\u2019on vient de citer, les vrais supporteurs de l\u2019EN sont fiers d\u2019eux et s\u2019en souviendront toujours car il s\u2019agit de joueurs qui n\u2019ont jamais trich\u00e9 avec le maillot.<br \/><strong>On vous surnommait c\u0153ur de lion, cela vous faisait quoi ?<\/strong><br \/>\u00a0Une grosse fiert\u00e9. Auj o u r d \u2019 h u i , vous pouvez avoir le talent que vous voulez mais si vous trichez avec les fans de l\u2019EN, vous en serez jamais accept\u00e9 en Alg\u00e9rie. J\u2019ai beaucoup moins de talent que d\u2019autres joueurs mais j\u2019ai toujours mis mon c\u0153ur et mon \u00e2me sur le terrain. Les supporteurs s\u2019en souviendront longtemps.<br \/><strong>Du coup, votre histoire avec votre grand-m\u00e8re Allah Yerhamha, \u00e9tait bien r\u00e9ussie, elle t\u2019a vu jouer avec l\u2019Alg\u00e9rie ?<\/strong><br \/>\u00a0Oui, j\u2019\u00e9tais tellement fier de lui apporter ce bonheur car c\u2019est gr\u00e2ce \u00e0 elle que j\u2019ai pu avoir la de chance de pouvoir jouer pour mon pays d\u2019origine. L\u00e0 o\u00f9 elle se trouve aussi, elle doit \u00eatre toujours fi\u00e8re de m\u2019avoir vu jouer et de repr\u00e9senter l\u2019Alg\u00e9rie.<br \/><strong>Carl, cette histoire des binationaux existe dans la t\u00eate de certains seulement, on vous a vu vous amuser bien avec Slimani, Soudani et tr\u00e8s proche de Belkalem, comment l\u2019avez-vous v\u00e9cu sinc\u00e8rement ?<\/strong><br \/>\u00a0Vous savez, on a prouv\u00e9 tout le temps et notamment en 2013-2014 lors de cette campagne des \u00e9liminatoires pour la CM 2014 qu\u2019on \u00e9tait une seule famille. On avait un groupe d\u2019hommes. D\u2019ailleurs, on nous surnommait \u00ables Hommes\u00bb. Slimani \u00e9tait consid\u00e9r\u00e9 comme un Alg\u00e9rien au m\u00eame titre que Medjani, Mesbah ou je ne sais qui parce que sur le terrain, on donnait tout. C\u2019est ce que j\u2019ai pu voir lors de la derri\u00e8re CAN 2019 avec par exemples Atal et Belaili. Ils avaient le m\u00eame sentiment d\u2019appartenance \u00e0 l\u2019Alg\u00e9rie qu\u2019un Andy Delort ou Bennacer. C\u2019est ce qui a fait la force de la s\u00e9lection d\u2019aujourd\u2019hui et celle de demain. Aujourd\u2019hui, on est l\u00e0 pour r\u00e9unir et non pas pour diviser. Le produit local, lorsqu\u2019il est mis dans de bonnes conditions, dans un cadre saint et rigoureux, l\u2019Equipe nationale \u00e9tait plus forte.<br \/><strong>Concernant Andy Delort, vous avez refus\u00e9 de parler de ce joueur avant sa venue en s\u00e9lection, maintenant qu\u2019avez-vous \u00e0 dire de l\u2019apport de ce joueur que vous avez connu tr\u00e8s jeune ?<\/strong><br \/>\u00a0Je ne voulais pas parler de lui car il avait besoin de s\u00e9r\u00e9nit\u00e9. Maintenant, Andy je l\u2019ai connu je crois \u00e0 20 ans, c\u2019est quelqu\u2019un qui est fier de ses origines, je l\u2019ai toujours consid\u00e9r\u00e9 comme un petit fr\u00e8re. A Ajaccio, il a du respect pour Mehdi Mostafa, Cavalli et moi. Il \u00e9tait jeune et on l\u2019avait bien pris sous notre aile. Aujourd\u2019hui, on est fier de ce qu\u2019il est en train de faire avec Montpellier et surtout en Equipe nationale. Il a montr\u00e9 aux supporteurs de l\u2019EN qu\u2019il avait une r\u00e9elle envie de porter ce maillot et de le mouiller. Andy, c\u2019est un vrai guerrier sur le terrain, il peut rendre d\u2019\u00e9normes services, notamment sur les terrains d\u2019Afrique.<br \/><strong>\u00a0Il vous a demand\u00e9 conseil ?<\/strong><br \/>Bien s\u00fbr ! Aujourd\u2019hui, les gens qui sont \u00e0 la t\u00eate de l\u2019Equipe nationale savent ce que j\u2019ai fait pour introduire Andy en Equipe nationale, histoire de l\u2019aider \u00e0 vite s\u2019int\u00e9grer. Il \u00e9tait m\u00e9connu et j\u2019ai fait savoir \u00e0 certaines personnes qu\u2019il \u00e9tait quelqu\u2019un de fiable sur lequel on pouvait compter et qu\u2019il avait une r\u00e9elle envie de d\u00e9fendre les couleurs et le maillot. Aujourd\u2019hui, on a besoin de personnes qui veulent venir d\u2019eux-m\u00eames. En d\u2019autres termes, le joueur qui veut venir jouer pour l\u2019EN est le bienvenu mais nous, on ne doit pas poser un genou \u00e0 terre pour faire venir quelqu\u2019un, c\u2019est la personne qui veut venir qui doit le poser et pas l\u2019inverse.<br \/><strong>C\u2019est clair, net et pr\u00e9cis, on veut juste revenir sur l\u2019annonce de votre retraite<\/strong> \u2026<br \/>Je dois dire d\u2019abord que je suis honor\u00e9 et fier que la FAF, le coach Djamel Belmadi ainsi que tous les supporteurs de l\u2019EN veulent me rendre cet hommage. Cela signifie que je ne suis pas pass\u00e9 inaper\u00e7u. C\u2019est quelque chose qui me comble de bonheur. Concernant ma retraite, l\u2019EN avait besoin de sang neuf, pour pr\u00e9parer les prochaines ann\u00e9es. J\u2019avais eu une discussion avec l\u2019ex-coach Alcaraz et le pr\u00e9sident Zetchi, j\u2019ai \u00e9voqu\u00e9 mon d\u00e9part pour laisser ma place aux jeunes. Apr\u00e8s, Madjer m\u2019a demand\u00e9 de repousser ma retraite car il avait besoin de moi pour encadrer le groupe. J\u2019ai essay\u00e9 de garder ce lien entre les binationaux et des locaux qui arrivaient. Du coup, je d\u00e9fie tout joueur local de me dire qu\u2019il a \u00e9t\u00e9 mal re\u00e7u par Carl Medjani en s\u00e9lection. Apr\u00e8s, Madjer est parti et Djamel m\u2019a appel\u00e9, on a discut\u00e9 au t\u00e9l\u00e9phone au sujet de ma retraite. J\u2019ai juste envie de dire qu\u2019on avait r\u00e9clam\u00e9 Belmadi depuis des ann\u00e9es, c\u2019est-\u00e0-dire depuis l\u2019\u00e8re de l\u2019ancien pr\u00e9sident jusqu\u2019\u00e0 la venue du pr\u00e9sident Zetchi. On a pouss\u00e9 depuis des ann\u00e9es, Rais, Feghouli, Mahrez, moi-m\u00eame pour que Djamel nous rejoigne.<br \/><strong>Pour finir cette premi\u00e8re partie, on peut dire que cela sous-entend qu\u2019il n\u2019a jamais \u00e9t\u00e9 un choix par d\u00e9faut comme certains veulent le faire croire\u2026<\/strong><br \/>C\u2019est loin d\u2019\u00eatre le cas, Djamel a \u00e9t\u00e9 le choix num\u00e9ro 1 des joueurs de l\u2019Equipe nationale depuis pas mal d\u2019ann\u00e9es. C\u2019est clair, net et pr\u00e9cis. J\u2019ai \u00e9t\u00e9 le capitaine de l\u2019EN et je peux l\u2019attester. Je mets ma parole et mon honneur que tous les joueurs de l\u2019EN le r\u00e9clamaient. Aujourd\u2019hui, on est fiers de lui car il a fait de notre groupe, une \u00e9quipe championne d\u2019Afrique.<br \/><strong>Entretien r\u00e9alis\u00e9 par Moumen Ait Kaci Ali<\/strong><\/p>\n<p><strong>Publi\u00e9 dans :<\/strong> <span>Belmadi<\/span> <span>carl medjani<\/span><\/p>\n<\/div>\n<p>Auteur:<br \/>\n<a href=\"http:\/\/www.lebuteur.com\/article\/detail?titre=exclusif-medjani-cest-a-celui-qui-veut-jouer-pour-lalgerie-de-poser-un-genou-par-terre-et-non-linverse&#038;id=95275&#038;utm_source=feedburner&#038;utm_medium=feed&#038;utm_campaign=Feed%3A+GalerieFArtciles+%28Les+derniers+articles++-+lebuteur.com%29\">Cliquez ici pour lire l&rsquo;article depuis sa source.<\/a><\/p>\n","protected":false},"excerpt":{"rendered":"<p>Auteur : Moumen Ait Kaci Ali vendredi 13 mars 2020 14:12 Dans ce long entretien exclusif accord\u00e9 au Buteur, l\u2019ancien capitaine de l\u2019EN, Carl Medjani, revient, avec sa franchise habituelle sur l\u2019hommage que compte lui rendre la FAF. Ex-cadre influent dans ce groupe des Verts, Carl revient sur plusieurs v\u00e9rit\u00e9s jamais divulgu\u00e9es concernant sa vie [&hellip;]<\/p>\n","protected":false},"author":1738,"featured_media":78963,"comment_status":"closed","ping_status":"closed","sticky":false,"template":"","format":"standard","meta":{"fifu_image_url":"","fifu_image_alt":"","footnotes":""},"categories":[53,75],"tags":[],"class_list":["post-78962","post","type-post","status-publish","format-standard","has-post-thumbnail","hentry","category-algerie","category-sport"],"_links":{"self":[{"href":"https:\/\/linitiative.ca\/International\/wp-json\/wp\/v2\/posts\/78962","targetHints":{"allow":["GET"]}}],"collection":[{"href":"https:\/\/linitiative.ca\/International\/wp-json\/wp\/v2\/posts"}],"about":[{"href":"https:\/\/linitiative.ca\/International\/wp-json\/wp\/v2\/types\/post"}],"author":[{"embeddable":true,"href":"https:\/\/linitiative.ca\/International\/wp-json\/wp\/v2\/users\/1738"}],"replies":[{"embeddable":true,"href":"https:\/\/linitiative.ca\/International\/wp-json\/wp\/v2\/comments?post=78962"}],"version-history":[{"count":0,"href":"https:\/\/linitiative.ca\/International\/wp-json\/wp\/v2\/posts\/78962\/revisions"}],"wp:featuredmedia":[{"embeddable":true,"href":"https:\/\/linitiative.ca\/International\/wp-json\/"}],"wp:attachment":[{"href":"https:\/\/linitiative.ca\/International\/wp-json\/wp\/v2\/media?parent=78962"}],"wp:term":[{"taxonomy":"category","embeddable":true,"href":"https:\/\/linitiative.ca\/International\/wp-json\/wp\/v2\/categories?post=78962"},{"taxonomy":"post_tag","embeddable":true,"href":"https:\/\/linitiative.ca\/International\/wp-json\/wp\/v2\/tags?post=78962"}],"curies":[{"name":"wp","href":"https:\/\/api.w.org\/{rel}","templated":true}]}}