{"id":78964,"date":"2020-03-13T15:14:04","date_gmt":"2020-03-13T19:14:04","guid":{"rendered":"https:\/\/linitiative.ca\/International\/international-la-premier-league-suspendue-officiel\/"},"modified":"2020-03-13T15:14:04","modified_gmt":"2020-03-13T19:14:04","slug":"international-la-premier-league-suspendue-officiel","status":"publish","type":"post","link":"https:\/\/linitiative.ca\/International\/international-la-premier-league-suspendue-officiel\/","title":{"rendered":"International : La Premier League suspendue ! (officiel)"},"content":{"rendered":"<div readability=\"32\">\n<p>Auteur : <span class=\"time\">vendredi 13 mars 2020 16:28<\/span><\/p>\n<\/div>\n<div id=\"post_core\" readability=\"46\">\n<p>Les annonces s&rsquo;encha\u00eenent ce vendredi. Alors que la LFP a suspendu jusqu&rsquo;\u00e0 nouvel ordre la L1 et la L2 en France, et que l&rsquo;UEFA a d\u00e9cid\u00e9 de reporter ses prochains matchs de Ligue des Champions et de Ligue Europa, la Premier League se met \u00e9galement en pause ! Le championnat anglais est suspendu jusqu&rsquo;au 3 avril, d&rsquo;apr\u00e8s un communiqu\u00e9 de la Ligue anglaise. Cette d\u00e9cision fait suite \u00e0 plusieurs cas de coronavirus d\u00e9tect\u00e9s dans les clubs anglais. L&rsquo;entra\u00eeneur d&rsquo;Arsenal, Mikel Arteta, et l&rsquo;attaquant de Chelsea, Callum Hudson-Odoi, ont \u00e9t\u00e9 test\u00e9s positif, alors que des joueurs d&rsquo;Everton et de Bournemouth pr\u00e9sentent aussi des sympt\u00f4mes du virus. \u00ab\u00a0Cette d\u00e9cision n&rsquo;a pas \u00e9t\u00e9 prise \u00e0 la l\u00e9g\u00e8re, a indiqu\u00e9 la Ligue anglaise. Elle a \u00e9t\u00e9 prise face au nombre croissant de clubs concern\u00e9s par des mises en isolement de leurs joueurs.\u00a0\u00bbrapporte Maxifoot.fr.<\/p>\n<p><strong>Publi\u00e9 dans :<\/strong> <span>Premier League<\/span><\/p>\n<\/div>\n<p>Auteur:<br \/>\n<a href=\"http:\/\/www.lebuteur.com\/article\/detail?titre=la-premier-league-suspendue-officiel&#038;id=95276&#038;utm_source=feedburner&#038;utm_medium=feed&#038;utm_campaign=Feed%3A+GalerieFArtciles+%28Les+derniers+articles++-+lebuteur.com%29\">Cliquez ici pour lire l&rsquo;article depuis sa source.<\/a><\/p>\n","protected":false},"excerpt":{"rendered":"<p>Auteur : vendredi 13 mars 2020 16:28 Les annonces s&rsquo;encha\u00eenent ce vendredi. Alors que la LFP a suspendu jusqu&rsquo;\u00e0 nouvel ordre la L1 et la L2 en France, et que l&rsquo;UEFA a d\u00e9cid\u00e9 de reporter ses prochains matchs de Ligue des Champions et de Ligue Europa, la Premier League se met \u00e9galement en pause ! [&hellip;]<\/p>\n","protected":false},"author":1738,"featured_media":78965,"comment_status":"closed","ping_status":"closed","sticky":false,"template":"","format":"standard","meta":{"fifu_image_url":"","fifu_image_alt":"","footnotes":""},"categories":[53,75],"tags":[],"class_list":["post-78964","post","type-post","status-publish","format-standard","has-post-thumbnail","hentry","category-algerie","category-sport"],"_links":{"self":[{"href":"https:\/\/linitiative.ca\/International\/wp-json\/wp\/v2\/posts\/78964","targetHints":{"allow":["GET"]}}],"collection":[{"href":"https:\/\/linitiative.ca\/International\/wp-json\/wp\/v2\/posts"}],"about":[{"href":"https:\/\/linitiative.ca\/International\/wp-json\/wp\/v2\/types\/post"}],"author":[{"embeddable":true,"href":"https:\/\/linitiative.ca\/International\/wp-json\/wp\/v2\/users\/1738"}],"replies":[{"embeddable":true,"href":"https:\/\/linitiative.ca\/International\/wp-json\/wp\/v2\/comments?post=78964"}],"version-history":[{"count":0,"href":"https:\/\/linitiative.ca\/International\/wp-json\/wp\/v2\/posts\/78964\/revisions"}],"wp:featuredmedia":[{"embeddable":true,"href":"https:\/\/linitiative.ca\/International\/wp-json\/"}],"wp:attachment":[{"href":"https:\/\/linitiative.ca\/International\/wp-json\/wp\/v2\/media?parent=78964"}],"wp:term":[{"taxonomy":"category","embeddable":true,"href":"https:\/\/linitiative.ca\/International\/wp-json\/wp\/v2\/categories?post=78964"},{"taxonomy":"post_tag","embeddable":true,"href":"https:\/\/linitiative.ca\/International\/wp-json\/wp\/v2\/tags?post=78964"}],"curies":[{"name":"wp","href":"https:\/\/api.w.org\/{rel}","templated":true}]}}