{"id":78966,"date":"2020-03-13T15:14:08","date_gmt":"2020-03-13T19:14:08","guid":{"rendered":"https:\/\/linitiative.ca\/International\/international-fc-barcelone-marc-andre-ter-stegen-vers-un-contrat-inedit\/"},"modified":"2020-03-13T15:14:08","modified_gmt":"2020-03-13T19:14:08","slug":"international-fc-barcelone-marc-andre-ter-stegen-vers-un-contrat-inedit","status":"publish","type":"post","link":"https:\/\/linitiative.ca\/International\/international-fc-barcelone-marc-andre-ter-stegen-vers-un-contrat-inedit\/","title":{"rendered":"International : FC Barcelone : Marc-Andr\u00e9 ter Stegen vers un contrat in\u00e9dit ?"},"content":{"rendered":"<div readability=\"32\">\n<p>Auteur : <span class=\"time\">vendredi 13 mars 2020 18:30<\/span><\/p>\n<\/div>\n<div id=\"post_core\" readability=\"42\">\n<p>D&rsquo;apr\u00e8s Goal, les dirigeants catalans n\u00e9gocieraient actuellement avec l\u2019entourage du gardien de but pour un contrat jusqu\u2019en juin 2027 !<\/p>\n<p>L\u2019int\u00e9ress\u00e9 ne serait pas contre s\u2019engager sur le long terme, mais r\u00e9clamerait un salaire annuel de 15 millions d\u2019euros. Pour le moment, le club ne peut payer ce montant et attendrait le d\u00e9but du mercato et quelques ventes donc pour satisfaire son joueur. Verdict cet \u00e9t\u00e9 donc.<\/p>\n<p><strong>Publi\u00e9 dans :<\/strong> <span>FC Barcelone : Marc-Andr\u00e9 ter Stegen<\/span><\/p>\n<\/div>\n<p>Auteur:<br \/>\n<a href=\"http:\/\/www.lebuteur.com\/article\/detail?titre=fc-barcelone-marc-andre-ter-stegen-vers-un-contrat-inedit&#038;id=95277&#038;utm_source=feedburner&#038;utm_medium=feed&#038;utm_campaign=Feed%3A+GalerieFArtciles+%28Les+derniers+articles++-+lebuteur.com%29\">Cliquez ici pour lire l&rsquo;article depuis sa source.<\/a><\/p>\n","protected":false},"excerpt":{"rendered":"<p>Auteur : vendredi 13 mars 2020 18:30 D&rsquo;apr\u00e8s Goal, les dirigeants catalans n\u00e9gocieraient actuellement avec l\u2019entourage du gardien de but pour un contrat jusqu\u2019en juin 2027 ! L\u2019int\u00e9ress\u00e9 ne serait pas contre s\u2019engager sur le long terme, mais r\u00e9clamerait un salaire annuel de 15 millions d\u2019euros. Pour le moment, le club ne peut payer ce [&hellip;]<\/p>\n","protected":false},"author":1738,"featured_media":78967,"comment_status":"closed","ping_status":"closed","sticky":false,"template":"","format":"standard","meta":{"fifu_image_url":"","fifu_image_alt":"","footnotes":""},"categories":[53,75],"tags":[],"class_list":["post-78966","post","type-post","status-publish","format-standard","has-post-thumbnail","hentry","category-algerie","category-sport"],"_links":{"self":[{"href":"https:\/\/linitiative.ca\/International\/wp-json\/wp\/v2\/posts\/78966","targetHints":{"allow":["GET"]}}],"collection":[{"href":"https:\/\/linitiative.ca\/International\/wp-json\/wp\/v2\/posts"}],"about":[{"href":"https:\/\/linitiative.ca\/International\/wp-json\/wp\/v2\/types\/post"}],"author":[{"embeddable":true,"href":"https:\/\/linitiative.ca\/International\/wp-json\/wp\/v2\/users\/1738"}],"replies":[{"embeddable":true,"href":"https:\/\/linitiative.ca\/International\/wp-json\/wp\/v2\/comments?post=78966"}],"version-history":[{"count":0,"href":"https:\/\/linitiative.ca\/International\/wp-json\/wp\/v2\/posts\/78966\/revisions"}],"wp:featuredmedia":[{"embeddable":true,"href":"https:\/\/linitiative.ca\/International\/wp-json\/"}],"wp:attachment":[{"href":"https:\/\/linitiative.ca\/International\/wp-json\/wp\/v2\/media?parent=78966"}],"wp:term":[{"taxonomy":"category","embeddable":true,"href":"https:\/\/linitiative.ca\/International\/wp-json\/wp\/v2\/categories?post=78966"},{"taxonomy":"post_tag","embeddable":true,"href":"https:\/\/linitiative.ca\/International\/wp-json\/wp\/v2\/tags?post=78966"}],"curies":[{"name":"wp","href":"https:\/\/api.w.org\/{rel}","templated":true}]}}