{"id":78968,"date":"2020-03-13T15:14:09","date_gmt":"2020-03-13T19:14:09","guid":{"rendered":"https:\/\/linitiative.ca\/International\/international-tottenham-un-nouveau-pretendant-pour-harry-kane\/"},"modified":"2020-03-13T15:14:09","modified_gmt":"2020-03-13T19:14:09","slug":"international-tottenham-un-nouveau-pretendant-pour-harry-kane","status":"publish","type":"post","link":"https:\/\/linitiative.ca\/International\/international-tottenham-un-nouveau-pretendant-pour-harry-kane\/","title":{"rendered":"International : Tottenham : Un nouveau pr\u00e9tendant pour Harry Kane"},"content":{"rendered":"<div readability=\"32\">\n<p>Auteur : <span class=\"time\">vendredi 13 mars 2020 18:40<\/span><\/p>\n<\/div>\n<div id=\"post_core\" readability=\"44\">\n<p>En effet, l\u2019attaquant international britannique qui souhaite gagner des titres figurerait d\u00e9sormais, si l\u2019on en croit Les-Transferts, sur les tablettes de Manchester City.<\/p>\n<p>Les Skyblues songeraient \u00e0 lui pour pr\u00e9parer la succession de Sergio Aguero, m\u00eame si la priorit\u00e9 num\u00e9ro un du club est Erling Braut Haaland. Quoi qu\u2019il en soit, un d\u00e9part d\u2019Harry Kane lors du prochain mercato est plus qu\u2019envisageable.<\/p>\n<p><strong>Publi\u00e9 dans :<\/strong> <span>Tottenham : Harry Kane<\/span><\/p>\n<\/div>\n<p>Auteur:<br \/>\n<a href=\"http:\/\/www.lebuteur.com\/article\/detail?titre=tottenham-un-nouveau-pretendant-pour-harry-kane&#038;id=95278&#038;utm_source=feedburner&#038;utm_medium=feed&#038;utm_campaign=Feed%3A+GalerieFArtciles+%28Les+derniers+articles++-+lebuteur.com%29\">Cliquez ici pour lire l&rsquo;article depuis sa source.<\/a><\/p>\n","protected":false},"excerpt":{"rendered":"<p>Auteur : vendredi 13 mars 2020 18:40 En effet, l\u2019attaquant international britannique qui souhaite gagner des titres figurerait d\u00e9sormais, si l\u2019on en croit Les-Transferts, sur les tablettes de Manchester City. Les Skyblues songeraient \u00e0 lui pour pr\u00e9parer la succession de Sergio Aguero, m\u00eame si la priorit\u00e9 num\u00e9ro un du club est Erling Braut Haaland. Quoi [&hellip;]<\/p>\n","protected":false},"author":1738,"featured_media":78969,"comment_status":"closed","ping_status":"closed","sticky":false,"template":"","format":"standard","meta":{"fifu_image_url":"","fifu_image_alt":"","footnotes":""},"categories":[53,75],"tags":[],"class_list":["post-78968","post","type-post","status-publish","format-standard","has-post-thumbnail","hentry","category-algerie","category-sport"],"_links":{"self":[{"href":"https:\/\/linitiative.ca\/International\/wp-json\/wp\/v2\/posts\/78968","targetHints":{"allow":["GET"]}}],"collection":[{"href":"https:\/\/linitiative.ca\/International\/wp-json\/wp\/v2\/posts"}],"about":[{"href":"https:\/\/linitiative.ca\/International\/wp-json\/wp\/v2\/types\/post"}],"author":[{"embeddable":true,"href":"https:\/\/linitiative.ca\/International\/wp-json\/wp\/v2\/users\/1738"}],"replies":[{"embeddable":true,"href":"https:\/\/linitiative.ca\/International\/wp-json\/wp\/v2\/comments?post=78968"}],"version-history":[{"count":0,"href":"https:\/\/linitiative.ca\/International\/wp-json\/wp\/v2\/posts\/78968\/revisions"}],"wp:featuredmedia":[{"embeddable":true,"href":"https:\/\/linitiative.ca\/International\/wp-json\/"}],"wp:attachment":[{"href":"https:\/\/linitiative.ca\/International\/wp-json\/wp\/v2\/media?parent=78968"}],"wp:term":[{"taxonomy":"category","embeddable":true,"href":"https:\/\/linitiative.ca\/International\/wp-json\/wp\/v2\/categories?post=78968"},{"taxonomy":"post_tag","embeddable":true,"href":"https:\/\/linitiative.ca\/International\/wp-json\/wp\/v2\/tags?post=78968"}],"curies":[{"name":"wp","href":"https:\/\/api.w.org\/{rel}","templated":true}]}}