{"id":78972,"date":"2020-03-13T15:18:58","date_gmt":"2020-03-13T19:18:58","guid":{"rendered":"https:\/\/linitiative.ca\/International\/coronavirus-deux-cas-de-deces-enregistres-en-algerie-actualise\/"},"modified":"2020-03-13T15:18:58","modified_gmt":"2020-03-13T19:18:58","slug":"coronavirus-deux-cas-de-deces-enregistres-en-algerie-actualise","status":"publish","type":"post","link":"https:\/\/linitiative.ca\/International\/coronavirus-deux-cas-de-deces-enregistres-en-algerie-actualise\/","title":{"rendered":"Coronavirus : Deux cas de d\u00e9c\u00e8s enregistr\u00e9s en Alg\u00e9rie (actualis\u00e9)"},"content":{"rendered":"<p>Il s&rsquo;agit de deux cas ayant s\u00e9journ\u00e9 en France, l&rsquo;un est hospitalis\u00e9 dans le wilaya de Souk-Ahras, l&rsquo;autre dans la wilaya de Tizi-Ouzou, et trois dans celle de Blida, pr\u00e9cise la m\u00eame source.<\/p>\n<p>Par ailleurs, \u00ab\u00a0on a enregistr\u00e9 le soir de mercredi 11 mars 2020, la sortie de huit (8) patients gu\u00e9ris qui \u00e9taient en isolement \u00e0 l&rsquo;EPH de Boufarik\u00a0\u00bb, assure le minist\u00e8re, ajoutant qu'\u00a0\u00bb\u00e0 ce jour, 638 tests de diagnostic sont revenus n\u00e9gatifs sur les 662 effectu\u00e9s par l&rsquo;Institut Pasteur d&rsquo;Alg\u00e9rie\u00a0\u00bb.\u00a0<\/p>\n<p>\u00ab\u00a0L&rsquo;enqu\u00eate \u00e9pid\u00e9miologique se poursuit pour retrouver et identifier toutes les personnes contacts\u00a0\u00bb, souligne la m\u00eame source, relevant que le dispositif de veille et d&rsquo;alerte mis en place \u00ab\u00a0demeure en vigueur et la mobilisation des \u00e9quipes de sant\u00e9 reste \u00e0 son plus haut niveau\u00a0\u00bb.<\/p>\n<p>Afin de r\u00e9duire le risque d&rsquo;importation et d&rsquo;extension de cette \u00e9pid\u00e9mie mondiale, le minist\u00e8re\u00a0 \u00ab\u00a0conseille aux citoyens alg\u00e9riens devant se rendre dans les pays o\u00f9 l&rsquo;\u00e9pid\u00e9mie est active, de diff\u00e9rer leur voyage, et aux ressortissants alg\u00e9riens \u00e9tablis dans les pays o\u00f9 l&rsquo;\u00e9pid\u00e9mie est active d&rsquo;ajourner \u00e9galement leur visite familiale sauf en cas de n\u00e9cessit\u00e9 absolue\u00a0\u00bb.<\/p>\n<p>L&rsquo;Organisation mondiale de la sant\u00e9 (OMS) a qualifi\u00e9 mercredi l&rsquo;\u00e9pid\u00e9mie du Covid-19, qui a contamin\u00e9 plus de 110.000 personnes dans le monde depuis fin d\u00e9cembre, de \u00ab\u00a0pand\u00e9mie\u00a0\u00bb, mais a assur\u00e9 qu&rsquo;elle pouvait \u00ab\u00a0\u00eatre contr\u00f4l\u00e9e\u00a0\u00bb.<\/p>\n<p>APS\u00a0<\/p>\n<p>Auteur: elmoudjahid<br \/>\n<a href=\"http:\/\/www.elmoudjahid.com\/fr\/actualites\/149759\">Cliquez ici pour lire l&rsquo;article depuis sa source.<\/a><\/p>\n","protected":false},"excerpt":{"rendered":"<p>Il s&rsquo;agit de deux cas ayant s\u00e9journ\u00e9 en France, l&rsquo;un est hospitalis\u00e9 dans le wilaya de Souk-Ahras, l&rsquo;autre dans la wilaya de Tizi-Ouzou, et trois dans celle de Blida, pr\u00e9cise la m\u00eame source. Par ailleurs, \u00ab\u00a0on a enregistr\u00e9 le soir de mercredi 11 mars 2020, la sortie de huit (8) patients gu\u00e9ris qui \u00e9taient en [&hellip;]<\/p>\n","protected":false},"author":1744,"featured_media":0,"comment_status":"closed","ping_status":"closed","sticky":false,"template":"","format":"standard","meta":{"fifu_image_url":"","fifu_image_alt":"","footnotes":""},"categories":[73,53],"tags":[],"class_list":["post-78972","post","type-post","status-publish","format-standard","hentry","category-actualite","category-algerie"],"_links":{"self":[{"href":"https:\/\/linitiative.ca\/International\/wp-json\/wp\/v2\/posts\/78972","targetHints":{"allow":["GET"]}}],"collection":[{"href":"https:\/\/linitiative.ca\/International\/wp-json\/wp\/v2\/posts"}],"about":[{"href":"https:\/\/linitiative.ca\/International\/wp-json\/wp\/v2\/types\/post"}],"author":[{"embeddable":true,"href":"https:\/\/linitiative.ca\/International\/wp-json\/wp\/v2\/users\/1744"}],"replies":[{"embeddable":true,"href":"https:\/\/linitiative.ca\/International\/wp-json\/wp\/v2\/comments?post=78972"}],"version-history":[{"count":0,"href":"https:\/\/linitiative.ca\/International\/wp-json\/wp\/v2\/posts\/78972\/revisions"}],"wp:attachment":[{"href":"https:\/\/linitiative.ca\/International\/wp-json\/wp\/v2\/media?parent=78972"}],"wp:term":[{"taxonomy":"category","embeddable":true,"href":"https:\/\/linitiative.ca\/International\/wp-json\/wp\/v2\/categories?post=78972"},{"taxonomy":"post_tag","embeddable":true,"href":"https:\/\/linitiative.ca\/International\/wp-json\/wp\/v2\/tags?post=78972"}],"curies":[{"name":"wp","href":"https:\/\/api.w.org\/{rel}","templated":true}]}}