{"id":78980,"date":"2020-03-13T12:00:00","date_gmt":"2020-03-13T16:00:00","guid":{"rendered":"https:\/\/linitiative.ca\/International\/coronavirus-le-president-tebboune-ordonne-la-fermeture-des-ecoles\/"},"modified":"2020-03-13T12:00:00","modified_gmt":"2020-03-13T16:00:00","slug":"coronavirus-le-president-tebboune-ordonne-la-fermeture-des-ecoles","status":"publish","type":"post","link":"https:\/\/linitiative.ca\/International\/coronavirus-le-president-tebboune-ordonne-la-fermeture-des-ecoles\/","title":{"rendered":"CORONAVIRUS : Le Pr\u00e9sident Tebboune ordonne la fermeture des \u00e9coles"},"content":{"rendered":"<p><br id=\"sep_para_1\" class=\"sep_para access\"\/><\/p>\n<div id=\"para_1\" class=\"para_35930161 resize\">\n<div class=\"photo shadow left\"><a href=\"javascript:void(0)\" rel=\"https:\/\/www.reflexiondz.net\/photo\/art\/grande\/43607935-35930161.jpg?v=1584121078&amp;ibox\" title=\"CORONAVIRUS : Le Pr\u00e9sident Tebboune ordonne la fermeture des \u00e9coles\"><img decoding=\"async\" class=\"responsive c9\" src=\"https:\/\/www.reflexiondz.net\/photo\/art\/grande\/43607935-35930161.jpg?v=1584121078\" alt=\"CORONAVIRUS : Le Pr\u00e9sident Tebboune ordonne la fermeture des \u00e9coles\" title=\"CORONAVIRUS : Le Pr\u00e9sident Tebboune ordonne la fermeture des \u00e9coles\"\/><img decoding=\"async\" class=\"not-responsive\" src=\"https:\/\/www.reflexiondz.net\/photo\/art\/default\/43607935-35930161.jpg?v=1584121079\" alt=\"CORONAVIRUS : Le Pr\u00e9sident Tebboune ordonne la fermeture des \u00e9coles\" title=\"CORONAVIRUS : Le Pr\u00e9sident Tebboune ordonne la fermeture des \u00e9coles\"\/><\/a><\/div>\n<div class=\"texte access firstletter\">Le pr\u00e9sident de la R\u00e9publique, M. Abdelmadjid Tebboune a ordonn\u00e9 apr\u00e8s consultation des ministres concern\u00e9s, la fermeture des \u00e9coles de l\u2019enseignement primaire, moyen et secondaire, \u00e0 partir de jeudi 12 mars 2020 jusqu\u2019\u00e0 la fin des vacances de printemps, pr\u00e9vue le 5 avril prochain\u201d, lit-on dans le communiqu\u00e9. Le pr\u00e9sident Tebboune a \u00e9galement ordonn\u00e9 la fermeture des Universit\u00e9s et Instituts de l\u2019enseignement sup\u00e9rieur, \u00e0 l\u2019exception des facult\u00e9s o\u00f9 se d\u00e9roulent encore les examens de rattrapage. La d\u00e9cision concerne aussi les \u00e9tablissements de formation relevant du secteur de la Formation et de l\u2019enseignement professionnels, ainsi que les \u00e9coles coraniques, les zaouias, les classes d\u2019alphab\u00e9tisation et tous les \u00e9tablissements \u00e9ducatifs priv\u00e9s et les jardins d\u2019enfants, selon la m\u00eame source. La d\u00e9cision intervient comme mesure pr\u00e9ventive pour \u00e9viter la propagation de la pand\u00e9mie du coronavirus, a-t-on pr\u00e9cis\u00e9. Par ailleurs, le minist\u00e8re de la Sant\u00e9 a officiellement adress\u00e9 jeudi, une demande au ministre de l&rsquo;Education pour lui demander d&rsquo;avancer\u00a0 les vacances de printemps, a fait savoir,\u00a0 Djamel Fourar, directeur de la pr\u00e9vention au minist\u00e8re de la Sant\u00e9. S&rsquo;exprimant dans une conf\u00e9rence de presse dans laquelle il fait le point sur la situation \u00e9pid\u00e9miologique de la pand\u00e9mie\u00a0 du Coronavirus, M. Fourar a ajout\u00e9 que \u00ab\u00a0la demande reste\u00a0 entre les mains du ministre de l&rsquo;Education&rsquo;. Mercredi, le minist\u00e8re de l&rsquo;Education s&rsquo;est empress\u00e9 de d\u00e9mentir l&rsquo;information qui a fait le tour des\u00a0 r\u00e9seaux sociaux sur un \u00e9ventuel avancement des vacances, pr\u00e9cisant qu&rsquo;il n&rsquo;en \u00e9tait rien et que l&rsquo;information relay\u00e9e sur facebook avait pour origine le minist\u00e8re tunisien de l&rsquo;Education. Pour rappel,\u00a0 le minist\u00e8re de l\u2019\u00e9ducation a annonc\u00e9 jeudi,\u00a0 via un communiqu\u00e9 que \u00ab\u00a0En application de la d\u00e9cision du pr\u00e9sident de la R\u00e9publique, Abdelmadjid Tebboune portant fermeture des \u00e9tablissements \u00e9ducatifs \u00e0 partir de jeudi 12 mars 2020 jusqu&rsquo;\u00e0 la fin des vacances de printemps, comme mesure pr\u00e9ventive contre la propagation du coronavirus (Covid-19), le minist\u00e8re de l&rsquo;Education nationale annonce que les vacances de printemps, pr\u00e9vues le 19 mars, seront avanc\u00e9es d&rsquo;une semaine, soit jeudi 12 mars 2020, et ce au niveau de tous les \u00e9tablissements scolaires et \u00e9ducatifs des trois cycles d&rsquo;enseignement\u00a0\u00bb, pr\u00e9cise le communiqu\u00e9.\u00a0<\/div>\n<\/div>\n<p>Auteur: Ismain<br \/>\n<a href=\"https:\/\/www.reflexiondz.net\/CORONAVIRUS-Le-President-Tebboune-ordonne-la-fermeture-des-ecoles_a61243.html\">Cliquez ici pour lire l&rsquo;article depuis sa source.<\/a><\/p>\n","protected":false},"excerpt":{"rendered":"<p>Le pr\u00e9sident de la R\u00e9publique, M. Abdelmadjid Tebboune a ordonn\u00e9 apr\u00e8s consultation des ministres concern\u00e9s, la fermeture des \u00e9coles de l\u2019enseignement primaire, moyen et secondaire, \u00e0 partir de jeudi 12 mars 2020 jusqu\u2019\u00e0 la fin des vacances de printemps, pr\u00e9vue le 5 avril prochain\u201d, lit-on dans le communiqu\u00e9. Le pr\u00e9sident Tebboune a \u00e9galement ordonn\u00e9 la [&hellip;]<\/p>\n","protected":false},"author":1740,"featured_media":0,"comment_status":"closed","ping_status":"closed","sticky":false,"template":"","format":"standard","meta":{"fifu_image_url":"","fifu_image_alt":"","footnotes":""},"categories":[53,76],"tags":[],"class_list":["post-78980","post","type-post","status-publish","format-standard","hentry","category-algerie","category-regions"],"_links":{"self":[{"href":"https:\/\/linitiative.ca\/International\/wp-json\/wp\/v2\/posts\/78980","targetHints":{"allow":["GET"]}}],"collection":[{"href":"https:\/\/linitiative.ca\/International\/wp-json\/wp\/v2\/posts"}],"about":[{"href":"https:\/\/linitiative.ca\/International\/wp-json\/wp\/v2\/types\/post"}],"author":[{"embeddable":true,"href":"https:\/\/linitiative.ca\/International\/wp-json\/wp\/v2\/users\/1740"}],"replies":[{"embeddable":true,"href":"https:\/\/linitiative.ca\/International\/wp-json\/wp\/v2\/comments?post=78980"}],"version-history":[{"count":0,"href":"https:\/\/linitiative.ca\/International\/wp-json\/wp\/v2\/posts\/78980\/revisions"}],"wp:attachment":[{"href":"https:\/\/linitiative.ca\/International\/wp-json\/wp\/v2\/media?parent=78980"}],"wp:term":[{"taxonomy":"category","embeddable":true,"href":"https:\/\/linitiative.ca\/International\/wp-json\/wp\/v2\/categories?post=78980"},{"taxonomy":"post_tag","embeddable":true,"href":"https:\/\/linitiative.ca\/International\/wp-json\/wp\/v2\/tags?post=78980"}],"curies":[{"name":"wp","href":"https:\/\/api.w.org\/{rel}","templated":true}]}}