{"id":78981,"date":"2020-03-13T12:25:00","date_gmt":"2020-03-13T16:25:00","guid":{"rendered":"https:\/\/linitiative.ca\/International\/selon-plusieurs-medias-locaux-le-president-bresilien-contamine-par-le-coronavirus\/"},"modified":"2020-03-13T12:25:00","modified_gmt":"2020-03-13T16:25:00","slug":"selon-plusieurs-medias-locaux-le-president-bresilien-contamine-par-le-coronavirus","status":"publish","type":"post","link":"https:\/\/linitiative.ca\/International\/selon-plusieurs-medias-locaux-le-president-bresilien-contamine-par-le-coronavirus\/","title":{"rendered":"SELON PLUSIEURS MEDIAS LOCAUX : Le pr\u00e9sident br\u00e9silien contamin\u00e9 par le coronavirus ?"},"content":{"rendered":"<p><br id=\"sep_para_1\" class=\"sep_para access\"\/><\/p>\n<div id=\"para_1\" class=\"para_35930437 resize\">\n<div class=\"photo shadow left\"><a href=\"javascript:void(0)\" rel=\"https:\/\/www.reflexiondz.net\/photo\/art\/grande\/43608539-35930437.jpg?v=1584121084&amp;ibox\" title=\"SELON PLUSIEURS MEDIAS LOCAUX : Le pr\u00e9sident br\u00e9silien contamin\u00e9 par le coronavirus ?\"><img decoding=\"async\" class=\"responsive c9\" src=\"https:\/\/www.reflexiondz.net\/photo\/art\/grande\/43608539-35930437.jpg?v=1584121084\" alt=\"SELON PLUSIEURS MEDIAS LOCAUX : Le pr\u00e9sident br\u00e9silien contamin\u00e9 par le coronavirus ?\" title=\"SELON PLUSIEURS MEDIAS LOCAUX : Le pr\u00e9sident br\u00e9silien contamin\u00e9 par le coronavirus ?\"\/><img decoding=\"async\" class=\"not-responsive\" src=\"https:\/\/www.reflexiondz.net\/photo\/art\/default\/43608539-35930437.jpg?v=1584121084\" alt=\"SELON PLUSIEURS MEDIAS LOCAUX : Le pr\u00e9sident br\u00e9silien contamin\u00e9 par le coronavirus ?\" title=\"SELON PLUSIEURS MEDIAS LOCAUX : Le pr\u00e9sident br\u00e9silien contamin\u00e9 par le coronavirus ?\"\/><\/a><\/div>\n<div class=\"texte access firstletter\">Le pr\u00e9sident br\u00e9silien Jair Bolsonaro a \u00e9t\u00e9 test\u00e9 positif pour le coronavirus, selon des journaux br\u00e9siliens. Une information qui n&rsquo;est pas anodine. Le leader br\u00e9silien ayant pass\u00e9 la soir\u00e9e de samedi avec le pr\u00e9sident am\u00e9ricain Donald Trump dans sa r\u00e9sidence de Mar-a-Lago situ\u00e9e en Floride. Les deux hommes ont longuement \u00e9t\u00e9 photographi\u00e9s alors qu&rsquo;ils se serraient la main avant de partager ensemble un d\u00eener. Bolsonaro a fait l&rsquo;objet d&rsquo;un test apr\u00e8s que l&rsquo;un de ses collaborateurs, Fabio Wajngarten, ait \u00e9t\u00e9 test\u00e9 positif. Les r\u00e9sultats d&rsquo;un deuxi\u00e8me test sur le pr\u00e9sident br\u00e9silien devrait \u00eatre connu vendredi. Tout l&rsquo;avion contenant la d\u00e9l\u00e9gation br\u00e9silienne qui se serait rendue aux Etats-Unis aurait \u00e9t\u00e9 contamin\u00e9. Le fils de Jair Bolsonaro a r\u00e9agi \u00e0 l&rsquo;annonce des m\u00e9dias br\u00e9siliens sur Twitter pour nier l&rsquo;information. D&rsquo;apr\u00e8s lui, les r\u00e9sultats des tests sont toujours attendus.Interrog\u00e9 par l&rsquo;AFP, le palais pr\u00e9sidentiel n&rsquo;avait pas souhait\u00e9 dire si Jair Bolsonaro avait subi un test de d\u00e9pistage. Le pr\u00e9sident a annul\u00e9 jeudi matin un d\u00e9placement et n&rsquo;avait rien sur son planning officiel de la journ\u00e9e. Jeudi, Trump a \u00e9voqu\u00e9 qu&rsquo;il n&rsquo;\u00e9tait pas inquiet sur le fait de l&rsquo;avoir attrap\u00e9. Trump et sa famille ne se mettront pas en quarantaine, r\u00e9v\u00e8le le Daily Mail.\u00a0<\/div>\n<\/div>\n<p>Auteur: R\u00e9flexion<br \/>\n<a href=\"https:\/\/www.reflexiondz.net\/SELON-PLUSIEURS-MEDIAS-LOCAUX-Le-president-bresilien-contamine-par-le-coronavirus_a61250.html\">Cliquez ici pour lire l&rsquo;article depuis sa source.<\/a><\/p>\n","protected":false},"excerpt":{"rendered":"<p>Le pr\u00e9sident br\u00e9silien Jair Bolsonaro a \u00e9t\u00e9 test\u00e9 positif pour le coronavirus, selon des journaux br\u00e9siliens. Une information qui n&rsquo;est pas anodine. Le leader br\u00e9silien ayant pass\u00e9 la soir\u00e9e de samedi avec le pr\u00e9sident am\u00e9ricain Donald Trump dans sa r\u00e9sidence de Mar-a-Lago situ\u00e9e en Floride. Les deux hommes ont longuement \u00e9t\u00e9 photographi\u00e9s alors qu&rsquo;ils se [&hellip;]<\/p>\n","protected":false},"author":1740,"featured_media":0,"comment_status":"closed","ping_status":"closed","sticky":false,"template":"","format":"standard","meta":{"fifu_image_url":"","fifu_image_alt":"","footnotes":""},"categories":[53,76],"tags":[],"class_list":["post-78981","post","type-post","status-publish","format-standard","hentry","category-algerie","category-regions"],"_links":{"self":[{"href":"https:\/\/linitiative.ca\/International\/wp-json\/wp\/v2\/posts\/78981","targetHints":{"allow":["GET"]}}],"collection":[{"href":"https:\/\/linitiative.ca\/International\/wp-json\/wp\/v2\/posts"}],"about":[{"href":"https:\/\/linitiative.ca\/International\/wp-json\/wp\/v2\/types\/post"}],"author":[{"embeddable":true,"href":"https:\/\/linitiative.ca\/International\/wp-json\/wp\/v2\/users\/1740"}],"replies":[{"embeddable":true,"href":"https:\/\/linitiative.ca\/International\/wp-json\/wp\/v2\/comments?post=78981"}],"version-history":[{"count":0,"href":"https:\/\/linitiative.ca\/International\/wp-json\/wp\/v2\/posts\/78981\/revisions"}],"wp:attachment":[{"href":"https:\/\/linitiative.ca\/International\/wp-json\/wp\/v2\/media?parent=78981"}],"wp:term":[{"taxonomy":"category","embeddable":true,"href":"https:\/\/linitiative.ca\/International\/wp-json\/wp\/v2\/categories?post=78981"},{"taxonomy":"post_tag","embeddable":true,"href":"https:\/\/linitiative.ca\/International\/wp-json\/wp\/v2\/tags?post=78981"}],"curies":[{"name":"wp","href":"https:\/\/api.w.org\/{rel}","templated":true}]}}