{"id":78982,"date":"2020-03-13T13:14:00","date_gmt":"2020-03-13T17:14:00","guid":{"rendered":"https:\/\/linitiative.ca\/International\/coronavirus-le-real-madrid-place-en-quarantaine\/"},"modified":"2020-03-13T13:14:00","modified_gmt":"2020-03-13T17:14:00","slug":"coronavirus-le-real-madrid-place-en-quarantaine","status":"publish","type":"post","link":"https:\/\/linitiative.ca\/International\/coronavirus-le-real-madrid-place-en-quarantaine\/","title":{"rendered":"CORONAVIRUS : Le Real Madrid plac\u00e9 en quarantaine"},"content":{"rendered":"<p><br id=\"sep_para_1\" class=\"sep_para access\"\/><\/p>\n<div id=\"para_1\" class=\"para_35931065 resize\">\n<div class=\"photo shadow left\"><a href=\"javascript:void(0)\" rel=\"https:\/\/www.reflexiondz.net\/photo\/art\/grande\/43609759-35931065.jpg?v=1584121179&amp;ibox\" title=\"CORONAVIRUS : Le Real Madrid plac\u00e9 en quarantaine\"><img decoding=\"async\" class=\"responsive c9\" src=\"https:\/\/www.reflexiondz.net\/photo\/art\/grande\/43609759-35931065.jpg?v=1584121179\" alt=\"CORONAVIRUS : Le Real Madrid plac\u00e9 en quarantaine\" title=\"CORONAVIRUS : Le Real Madrid plac\u00e9 en quarantaine\"\/><img decoding=\"async\" class=\"not-responsive\" src=\"https:\/\/www.reflexiondz.net\/photo\/art\/default\/43609759-35931065.jpg?v=1584121180\" alt=\"CORONAVIRUS : Le Real Madrid plac\u00e9 en quarantaine\" title=\"CORONAVIRUS : Le Real Madrid plac\u00e9 en quarantaine\"\/><\/a><\/div>\n<div class=\"texte access firstletter\">L\u2019\u00e9pid\u00e9mie de coronavirus continue d\u2019agiter et de perturber le monde du sport. Un joueur de basket de l\u2019\u00e9quipe du Real Madrid vient d\u2019\u00eatre test\u00e9 positif au coronavirus. Le Real Madrid s\u2019est donc mis en quarantaine pour \u00e9viter une contamination plus importante. Tous les joueurs des sections football et basket sont concern\u00e9s. Plus t\u00f4t dans la matin\u00e9e, l\u2019EuroLeague a d\u00e9cid\u00e9 de suspendre temporairement ses comp\u00e9titions. Les comp\u00e9titions Turkish Airlines EuroLeague, 7DAYS EuroCup, et Euroleague Basketball Adidas Next Generation Tournament sont donc suspendues pour une dur\u00e9e encore ind\u00e9termin\u00e9e.<\/div>\n<\/div>\n<p>Auteur: R\u00e9flexion<br \/>\n<a href=\"https:\/\/www.reflexiondz.net\/CORONAVIRUS-Le-Real-Madrid-place-en-quarantaine_a61251.html\">Cliquez ici pour lire l&rsquo;article depuis sa source.<\/a><\/p>\n","protected":false},"excerpt":{"rendered":"<p>L\u2019\u00e9pid\u00e9mie de coronavirus continue d\u2019agiter et de perturber le monde du sport. Un joueur de basket de l\u2019\u00e9quipe du Real Madrid vient d\u2019\u00eatre test\u00e9 positif au coronavirus. Le Real Madrid s\u2019est donc mis en quarantaine pour \u00e9viter une contamination plus importante. Tous les joueurs des sections football et basket sont concern\u00e9s. Plus t\u00f4t dans la [&hellip;]<\/p>\n","protected":false},"author":1740,"featured_media":0,"comment_status":"closed","ping_status":"closed","sticky":false,"template":"","format":"standard","meta":{"fifu_image_url":"","fifu_image_alt":"","footnotes":""},"categories":[53,76],"tags":[],"class_list":["post-78982","post","type-post","status-publish","format-standard","hentry","category-algerie","category-regions"],"_links":{"self":[{"href":"https:\/\/linitiative.ca\/International\/wp-json\/wp\/v2\/posts\/78982","targetHints":{"allow":["GET"]}}],"collection":[{"href":"https:\/\/linitiative.ca\/International\/wp-json\/wp\/v2\/posts"}],"about":[{"href":"https:\/\/linitiative.ca\/International\/wp-json\/wp\/v2\/types\/post"}],"author":[{"embeddable":true,"href":"https:\/\/linitiative.ca\/International\/wp-json\/wp\/v2\/users\/1740"}],"replies":[{"embeddable":true,"href":"https:\/\/linitiative.ca\/International\/wp-json\/wp\/v2\/comments?post=78982"}],"version-history":[{"count":0,"href":"https:\/\/linitiative.ca\/International\/wp-json\/wp\/v2\/posts\/78982\/revisions"}],"wp:attachment":[{"href":"https:\/\/linitiative.ca\/International\/wp-json\/wp\/v2\/media?parent=78982"}],"wp:term":[{"taxonomy":"category","embeddable":true,"href":"https:\/\/linitiative.ca\/International\/wp-json\/wp\/v2\/categories?post=78982"},{"taxonomy":"post_tag","embeddable":true,"href":"https:\/\/linitiative.ca\/International\/wp-json\/wp\/v2\/tags?post=78982"}],"curies":[{"name":"wp","href":"https:\/\/api.w.org\/{rel}","templated":true}]}}