{"id":78983,"date":"2020-03-12T15:35:00","date_gmt":"2020-03-12T19:35:00","guid":{"rendered":"https:\/\/linitiative.ca\/International\/revision-de-la-constitution-la-premiere-mouture-fin-prete\/"},"modified":"2020-03-12T15:35:00","modified_gmt":"2020-03-12T19:35:00","slug":"revision-de-la-constitution-la-premiere-mouture-fin-prete","status":"publish","type":"post","link":"https:\/\/linitiative.ca\/International\/revision-de-la-constitution-la-premiere-mouture-fin-prete\/","title":{"rendered":"R\u00e9vision de la Constitution : La premi\u00e8re mouture fin pr\u00eate"},"content":{"rendered":"<p><em><strong>La premi\u00e8re mouture de la Constitution sera fin pr\u00eate aujourd\u2019hui jeudi ou, au plus tard, dimanche, a annonc\u00e9 ce mercredi , Mohamed Laagab, charg\u00e9 de mission \u00e0 la pr\u00e9sidence de la R\u00e9publique.<\/strong><\/em><\/p>\n<p>Le Comit\u00e9 d\u2019experts charg\u00e9 de formuler des propositions sur la r\u00e9vision de la Constitution, pr\u00e9sid\u00e9 par Ahmed Laraba, a finalis\u00e9 la premi\u00e8re mouture qu\u2019il \u00ab\u00a0remettra demain jeudi ou, au plus tard dimanche prochain au pr\u00e9sident de la R\u00e9publique, Abdelmadjid Tebboune\u00a0\u00bb, a pr\u00e9cis\u00e9 M.\u00a0Laagab qui intervenait lors d\u2019un forum sur la r\u00e9vision constitutionnelle, initi\u00e9 par l\u2019Organisation nationale des journalistes sportifs (ONJSA).<\/p>\n<p>La premi\u00e8re mouture de la Loi fondamentale sera ainsi imprim\u00e9e la semaine prochaine pour \u00eatre distribu\u00e9e aux diff\u00e9rents acteurs politiques, de la soci\u00e9t\u00e9 civile et du tissu associatif pour d\u00e9bat et enrichissement.<\/p>\n<p>Il a annonc\u00e9 aussi que tous les partis politiques agr\u00e9\u00e9s recevront une copie de la mouture de la Constitution, ainsi que toutes les associations de la soci\u00e9t\u00e9 civile sans exclusion, les syndicats, les personnalit\u00e9s politiques et nationales et les enseignants universitaires, et ce, de mani\u00e8re \u00e0 assurer un large et riche d\u00e9bat pour aboutir \u00e0 une Constitution consensuelle qui consolidera les libert\u00e9s, la justice sociale, pr\u00e9servera l\u2019unit\u00e9 nationale et limitera les attributions du Pr\u00e9sident, lesquelles ne seront plus imp\u00e9riales.<\/p>\n<p>A l\u2019issue des d\u00e9bats qui dureront un mois, la mouture sera soumise de nouveau au Comit\u00e9 d\u2019experts, lequel portera les amendements et les modifications propos\u00e9s avant de soumettre le texte au Parlement puis \u00e0 un r\u00e9f\u00e9rendum.<\/p>\n<p>Le pr\u00e9sident du comit\u00e9 charg\u00e9 de l\u2019\u00e9laboration de cette mouture, M.\u00a0Laraba, avait appel\u00e9 au d\u00e9but de sa mission \u00e0 \u00ab\u00a0\u00e9viter les malentendus et les \u00e9quivoques\u00a0\u00bb. Et de pr\u00e9ciser\u00a0: \u00ab\u00a0Nous sommes un comit\u00e9 d\u2019experts constitutionnalistes et des experts en droit. Nous ne sommes pas une constituante mais un comit\u00e9 charg\u00e9 d\u2019\u00e9laborer des propositions qui seront soumises au pr\u00e9sident de la R\u00e9publique\u00a0\u00bb.<\/p>\n<p>Il avait dans ce sillage soulev\u00e9 la n\u00e9cessit\u00e9 de faire le bilan des insuffisances, des d\u00e9viations et des d\u00e9tournements de la r\u00e8gle constitutionnelle, sugg\u00e9rant de trouver des garde-fous, de renforcer le contr\u00f4le du Parlement sur l\u2019ex\u00e9cutif, mais aussi de penser au r\u00f4le du juge cens\u00e9 \u00eatre le gardien du respect des droits de l\u2019Homme et des libert\u00e9s publiques.<\/p>\n<p>Pour rappel, le pr\u00e9sident de la R\u00e9publique avait mis l\u2019accent sur le respect de l\u2019agenda arr\u00eat\u00e9 pour la r\u00e9vision de la Constitution, le Comit\u00e9 d\u2019experts ayant \u00e9t\u00e9 install\u00e9 le 8 janvier 2020 et r\u00e9parti en sept groupes de travail, conform\u00e9ment aux sept axes contenus dans la lettre de mission adress\u00e9e par le chef de l\u2019Etat au Comit\u00e9.<\/p>\n<blockquote readability=\"13\">\n<p><span class=\"c5\"><em><strong>Ainsi les axes constituant la r\u00e9flexion sur la constitution concernent \u00ab\u00a0le renforcement des droits et libert\u00e9s des citoyens\u00a0\u00bb, \u00ab\u00a0la moralisation de la vie publique et la lutte contre la corruption\u00a0\u00bb, \u00ab\u00a0la consolidation de la s\u00e9paration et de l\u2019\u00e9quilibre des pouvoirs\u00a0\u00bb, \u00ab\u00a0le renforcement du pouvoir de contr\u00f4le du Parlement\u00a0\u00bb, \u00ab\u00a0la consolidation de l\u2019ind\u00e9pendance du pouvoir judiciaire\u00a0\u00bb, \u00ab\u00a0la consolidation de l\u2019\u00e9galit\u00e9 des citoyens devant la loi\u00a0\u00bb et \u00ab\u00a0la cons\u00e9cration constitutionnelle des m\u00e9canismes d\u2019organisation des \u00e9lections\u00a0\u00bb.<\/strong><\/em><\/span><\/p>\n<\/blockquote>\n<p>De m\u00eame, le pr\u00e9sident Tebboune voit en la r\u00e9vision de la Constitution \u00ab\u00a0une d\u00e9marche n\u00e9cessaire, car seule la refonte des institutions de l\u2019Etat est \u00e0 m\u00eame de permettre la r\u00e9novation des modes de gouvernance \u00e0 tous les niveaux de responsabilit\u00e9 et<\/p>\n<p>particuli\u00e8rement au niveau des plus hautes institutions de la R\u00e9publique\u00a0\u00bb. Il avait \u00e0 maintes reprises soulign\u00e9 son engagement en vue de mettre en place une nouvelle constitution qui \u00ab\u00a0pr\u00e9munira le pays contre toute forme d\u2019autocratie, garantira la s\u00e9paration des pouvoirs, assurera leur \u00e9quilibre, confortera la moralisation de la vie publique et prot\u00e9gera les droits et libert\u00e9s du citoyen\u00a0\u00bb.<\/p>\n<p><strong><span class=\"c6\">A lire aussi\u00a0:<\/span> <a data-cke-saved-=\"\" target=\"_blank\" href=\"http:\/\/www.jeune-independant.net\/Revision-de-la-Constitution-Les-23484.html\" rel=\"noopener noreferrer\"><span class=\"c6\">R\u00c9VISION DE LA C\u00a0LE<\/span><\/a><\/strong><strong class=\"c7\"><a data-cke-saved-=\"\" target=\"_blank\" href=\"http:\/\/www.jeune-independant.net\/Revision-de-la-Constitution-Les-23484.html\" rel=\"noopener noreferrer\"><span class=\"c6\">ONSTITUTION\u00a0: LES PARTIS POLITIQUES PR\u00caTS \u00c0 ENRICHIR TEXTE<\/span><\/a><\/strong><\/p>\n<p>Auteur: Boudjedri<br \/>\n<a href=\"http:\/\/www.jeune-independant.net\/Revision-de-la-Constitution-La-23560.html\">Cliquez ici pour lire l&rsquo;article depuis sa source.<\/a><\/p>\n","protected":false},"excerpt":{"rendered":"<p>La premi\u00e8re mouture de la Constitution sera fin pr\u00eate aujourd\u2019hui jeudi ou, au plus tard, dimanche, a annonc\u00e9 ce mercredi , Mohamed Laagab, charg\u00e9 de mission \u00e0 la pr\u00e9sidence de la R\u00e9publique. Le Comit\u00e9 d\u2019experts charg\u00e9 de formuler des propositions sur la r\u00e9vision de la Constitution, pr\u00e9sid\u00e9 par Ahmed Laraba, a finalis\u00e9 la premi\u00e8re mouture [&hellip;]<\/p>\n","protected":false},"author":1737,"featured_media":0,"comment_status":"closed","ping_status":"closed","sticky":false,"template":"","format":"standard","meta":{"fifu_image_url":"","fifu_image_alt":"","footnotes":""},"categories":[73,53],"tags":[],"class_list":["post-78983","post","type-post","status-publish","format-standard","hentry","category-actualite","category-algerie"],"_links":{"self":[{"href":"https:\/\/linitiative.ca\/International\/wp-json\/wp\/v2\/posts\/78983","targetHints":{"allow":["GET"]}}],"collection":[{"href":"https:\/\/linitiative.ca\/International\/wp-json\/wp\/v2\/posts"}],"about":[{"href":"https:\/\/linitiative.ca\/International\/wp-json\/wp\/v2\/types\/post"}],"author":[{"embeddable":true,"href":"https:\/\/linitiative.ca\/International\/wp-json\/wp\/v2\/users\/1737"}],"replies":[{"embeddable":true,"href":"https:\/\/linitiative.ca\/International\/wp-json\/wp\/v2\/comments?post=78983"}],"version-history":[{"count":0,"href":"https:\/\/linitiative.ca\/International\/wp-json\/wp\/v2\/posts\/78983\/revisions"}],"wp:attachment":[{"href":"https:\/\/linitiative.ca\/International\/wp-json\/wp\/v2\/media?parent=78983"}],"wp:term":[{"taxonomy":"category","embeddable":true,"href":"https:\/\/linitiative.ca\/International\/wp-json\/wp\/v2\/categories?post=78983"},{"taxonomy":"post_tag","embeddable":true,"href":"https:\/\/linitiative.ca\/International\/wp-json\/wp\/v2\/tags?post=78983"}],"curies":[{"name":"wp","href":"https:\/\/api.w.org\/{rel}","templated":true}]}}