{"id":78984,"date":"2020-03-13T06:10:00","date_gmt":"2020-03-13T10:10:00","guid":{"rendered":"https:\/\/linitiative.ca\/International\/3eme-edition-des-panafricaines-a-casablanca-les-femmes-se-mobilisent-contre-les-changements-climatiques-en-afrique\/"},"modified":"2020-03-13T06:10:00","modified_gmt":"2020-03-13T10:10:00","slug":"3eme-edition-des-panafricaines-a-casablanca-les-femmes-se-mobilisent-contre-les-changements-climatiques-en-afrique","status":"publish","type":"post","link":"https:\/\/linitiative.ca\/International\/3eme-edition-des-panafricaines-a-casablanca-les-femmes-se-mobilisent-contre-les-changements-climatiques-en-afrique\/","title":{"rendered":"3\u00e8me \u00e9dition des Panafricaines \u00e0 Casablanca: Les Femmes se mobilisent contre les changements climatiques en Afrique"},"content":{"rendered":"<p>La troisi\u00e8me \u00e9dition de la rencontre des Panafricaines : r\u00e9seau des femmes journalistes en Afrique, s\u2019est tenue le 6 et 7 mars \u00e0 Casablanca. Un \u00e9v\u00e8nement qui a r\u00e9uni plus de 300 femmes journalistes des 54 pays de l\u2019Afrique, dont la Tunisie.<\/p>\n<p>Organis\u00e9e par la chaine de t\u00e9l\u00e9vision marocaine 2M, cette troisi\u00e8me \u00e9dition s\u2019est articul\u00e9e autour du th\u00e8me \u00abUrgence climatique : les m\u00e9dias acteurs du changement\u00bb. Une probl\u00e9matique qui constitue une question capitale pour le continent africain.<\/p>\n<p class=\"c2\"><img decoding=\"async\" src=\"\/uploads\/FCK_files\/Sans-titre-1(40).jpg\" alt=\"\" width=\"100%\" vspace=\"5\" hspace=\"5\" align=\"middle\"\/><\/p>\n<p>Les participantes ont \u00e9t\u00e9 appel\u00e9es, le premier jour, \u00e0assister \u00e0 sept ateliers, anim\u00e9s chacun par un expert, afin de d\u00e9battre des sujets comme \u00abla transition \u00e9nerg\u00e9tique de l\u2019Afrique\u00bb, \u00ables d\u00e9fis d\u2019une gestion rationnelle des ressources hydriques\u00bb, \u00abl\u2019agriculture durable\u00bb, \u00abl\u2019impact sanitaire des changements climatiques\u00bb, le d\u00e9veloppement durable pour les villes africaines\u00bb et \u00ables m\u00e9dias comme acteurs du changement\u00bb. Le d\u00e9bat \u00e9tait riche et vivant et il a \u00e9t\u00e9 marqu\u00e9 par un \u00e9change d\u2019exp\u00e9riences et une r\u00e9flexion \u00e0 des suggestions pour am\u00e9liorer le v\u00e9cu des populations africaines, victimes du r\u00e9chauffement climatique. L\u2019accent a \u00e9t\u00e9 mis sur le r\u00f4le de la femme en Afrique comme vecteur de changement des mentalit\u00e9s, puisqu\u2019elles sont les plus touch\u00e9es par ce ph\u00e9nom\u00e8ne.<\/p>\n<p><img decoding=\"async\" src=\"\/uploads\/FCK_files\/Sans-titre-2(50).jpg\" alt=\"\" width=\"100%\" vspace=\"5\" hspace=\"5\" align=\"middle\"\/><\/p>\n<p>Le deuxi\u00e8me jour, deux porte-paroles de chaque atelier, en plus de l\u2019expert, ont d\u00e9velopp\u00e9 un plaidoyer afin de mettre en avant les diff\u00e9rentes pistes d\u2019actions privil\u00e9gi\u00e9es \u00e0 entreprendre dans futur, que ce soit par les gouvernements, la soci\u00e9t\u00e9 civile ou par les m\u00e9dias.<\/p>\n<p>La Panafricaines ont ensuite proc\u00e9d\u00e9 \u00e0 un vote \u00e9lectronique permettant de hi\u00e9rarchiser les priorit\u00e9s du plan d\u2019action 2020, qui servira de base pour leur travail de sensibilisation dans leurs pays respectifs.<\/p>\n<p class=\"c2\"><img decoding=\"async\" src=\"\/uploads\/FCK_files\/Sans-titre-40.jpg\" alt=\"\" width=\"100%\" vspace=\"5\" hspace=\"5\" align=\"middle\"\/><\/p>\n<p>Initi\u00e9es par 2M en 2017, \u00ab Les Panafricaines \u00bb est un r\u00e9seau de femmes journalistes africaines dont les membres sont issues des 54 pays du Continent. Ce r\u00e9seau a pour ambition de contribuer \u00e0 une plus grande responsabilit\u00e9 des m\u00e9dias africains dans le traitement des questions centrales qui int\u00e9ressent les opinions publiques du continent. Ce r\u00e9seau s\u2019assigne \u00e9galement comme mission de constituer une v\u00e9ritable force de r\u00e9flexion et de proposition.<\/p>\n<p class=\"c3\"><strong>Han\u00e8ne Zbiss<\/strong><br \/>\u00a0<\/p>\n<p>Auteur:<br \/>\n<a href=\"https:\/\/www.leaders.com.tn\/article\/29351-3eme-edition-des-panafricaines-a-casablanca-les-femmes-se-mobilisent-contre-les-changements-climatiques-en-afrique\">Cliquez ici pour lire l&rsquo;article depuis sa source.<\/a><\/p>\n","protected":false},"excerpt":{"rendered":"<p>La troisi\u00e8me \u00e9dition de la rencontre des Panafricaines : r\u00e9seau des femmes journalistes en Afrique, s\u2019est tenue le 6 et 7 mars \u00e0 Casablanca. Un \u00e9v\u00e8nement qui a r\u00e9uni plus de 300 femmes journalistes des 54 pays de l\u2019Afrique, dont la Tunisie. Organis\u00e9e par la chaine de t\u00e9l\u00e9vision marocaine 2M, cette troisi\u00e8me \u00e9dition s\u2019est articul\u00e9e [&hellip;]<\/p>\n","protected":false},"author":1772,"featured_media":78985,"comment_status":"closed","ping_status":"closed","sticky":false,"template":"","format":"standard","meta":{"fifu_image_url":"","fifu_image_alt":"","footnotes":""},"categories":[73,55],"tags":[],"class_list":["post-78984","post","type-post","status-publish","format-standard","has-post-thumbnail","hentry","category-actualite","category-tunisie"],"_links":{"self":[{"href":"https:\/\/linitiative.ca\/International\/wp-json\/wp\/v2\/posts\/78984","targetHints":{"allow":["GET"]}}],"collection":[{"href":"https:\/\/linitiative.ca\/International\/wp-json\/wp\/v2\/posts"}],"about":[{"href":"https:\/\/linitiative.ca\/International\/wp-json\/wp\/v2\/types\/post"}],"author":[{"embeddable":true,"href":"https:\/\/linitiative.ca\/International\/wp-json\/wp\/v2\/users\/1772"}],"replies":[{"embeddable":true,"href":"https:\/\/linitiative.ca\/International\/wp-json\/wp\/v2\/comments?post=78984"}],"version-history":[{"count":0,"href":"https:\/\/linitiative.ca\/International\/wp-json\/wp\/v2\/posts\/78984\/revisions"}],"wp:featuredmedia":[{"embeddable":true,"href":"https:\/\/linitiative.ca\/International\/wp-json\/"}],"wp:attachment":[{"href":"https:\/\/linitiative.ca\/International\/wp-json\/wp\/v2\/media?parent=78984"}],"wp:term":[{"taxonomy":"category","embeddable":true,"href":"https:\/\/linitiative.ca\/International\/wp-json\/wp\/v2\/categories?post=78984"},{"taxonomy":"post_tag","embeddable":true,"href":"https:\/\/linitiative.ca\/International\/wp-json\/wp\/v2\/tags?post=78984"}],"curies":[{"name":"wp","href":"https:\/\/api.w.org\/{rel}","templated":true}]}}