{"id":78986,"date":"2020-03-13T06:43:00","date_gmt":"2020-03-13T10:43:00","guid":{"rendered":"https:\/\/linitiative.ca\/International\/corona-le-virus-revelateur\/"},"modified":"2020-03-13T06:43:00","modified_gmt":"2020-03-13T10:43:00","slug":"corona-le-virus-revelateur","status":"publish","type":"post","link":"https:\/\/linitiative.ca\/International\/corona-le-virus-revelateur\/","title":{"rendered":"Corona: le virus r\u00e9v\u00e9lateur"},"content":{"rendered":"<p class=\"c2\"><img decoding=\"async\" src=\"\/uploads\/FCK_files\/azza-filali(1).jpg\" width=\"30%\" vspace=\"5\" hspace=\"5\" align=\"left\" alt=\"\"\/>Partie de Chine, l\u2019infection \u00e0 coronavirus aborde son troisi\u00e8me mois. Trois mois durant lesquels des milliers de malades sont morts, quatre-vingt-dix pays ont \u00e9t\u00e9 contamin\u00e9s, conf\u00e9rant \u00e0 l\u2019infection le statut de pand\u00e9mie. Tout cela dans l\u2019ignorance la plus totale, de la part des autorit\u00e9s sanitaires, quant au profil \u00e9volutif de ce nouveau virus et \u00e0 la p\u00e9riode n\u00e9cessaire pour le voir r\u00e9gresser.<\/p>\n<p class=\"c2\">Le coronavirus a d\u00e9barqu\u00e9 en Tunisie le 2 mars dernier. Pour l\u2019instant il s\u2019agit de sept cas \u00ab import\u00e9s \u00bb, en dehors d\u2019une patiente r\u00e9sidant dans le pays et contamin\u00e9e par son mari. En exceptant deux patients, l\u2019un qui a gu\u00e9ri, l\u2019autre qui a quitt\u00e9 le territoire, il ne reste pour l\u2019instant que cinqpersonnes infect\u00e9es.<\/p>\n<p class=\"c2\">Mais, cette infection qui progresse lentement mais s\u00fbrement pointe du doigt les d\u00e9faillances humaines et mat\u00e9rielles de notre pays. Des manques connus de tous, soigneusement occult\u00e9s et qui deviennent aujourd\u2019hui dangereux et inacceptables.<\/p>\n<p class=\"c2\">Les d\u00e9faillances humaines sont, sans doute, les plus douloureuses car elles confirment (une fois encore) le profond incivisme des tunisiens. Qu\u2019un patient contamin\u00e9 par le virus, prenne sur lui de quitter la quarantaine impos\u00e9e, d\u2019aller au hammam, de s\u2019offrir une chicha au caf\u00e9, en regardant le match avec les copains, sans se pr\u00e9occuper une seule seconde du nombre de personnes qu\u2019il est susceptible de contaminer, voil\u00e0 qui est criminel ! Qu\u2019un autre malade, de 83 ans, d\u00e9cide de quitter son domicile \u00e0 Bizerte, pour se rendre \u00e0 l\u2019a\u00e9roport de Tunis Carthage et embarquer, tranquillement, \u00e0 bord d\u2019un vol pour Strasbourg, et cela sans qu\u2019aucun contr\u00f4le ne l\u2019ait d\u00e9tect\u00e9 et sans qu\u2019il n\u2019ait \u00e9t\u00e9 d\u00e9rang\u00e9 d\u2019aucune mani\u00e8re. Il semble qu\u2019\u00e0 l\u2019a\u00e9roport on ne contr\u00f4le que ceux qui arrivent, pas ceux qui partent et risquent de contaminer un avion entier. En d\u00e9finitive, ce malade, se fiche comme d\u2019une guigne de ses concitoyens ! Est-ce de l\u2019ignorance ou de l\u2019indiff\u00e9rence ? Le r\u00e9sultat est le m\u00eame.Quant aux autorit\u00e9s de l\u2019a\u00e9roport, elles ont une vision tr\u00e8s topographique de la contamination, toujours dans le hall \u00ab arriv\u00e9e \u00bb, jamais du c\u00f4t\u00e9 d\u00e9parts\u2026 A partir de l\u00e0, seules des sanctions muscl\u00e9es seraient \u00e0 m\u00eame de rem\u00e9dier \u00e0 tout cela : g\u00e9n\u00e9raliser les contr\u00f4les \u00e0 tous les voyageurs, arriv\u00e9s ou partants, refr\u00e9ner les agissements des patients peu respectueux des mesures d\u2019isolement Mais, si nous avons actuellement 1400 personnes soumises \u00e0 la quarantaine pr\u00e9ventive, comment imaginer qu\u2019on puisse mettre un agent devant chacune des portes ou surveiller quotidiennement l\u2019ob\u00e9issance de ces citoyens au confinement impos\u00e9 ?<\/p>\n<p class=\"c2\">Mais il n\u2019y a pas que les citoyens infect\u00e9s ou soumis au confinement.\u00a0 Nos honorables d\u00e9put\u00e9s font preuve d\u2019un d\u00e9sint\u00e9r\u00eat manifeste \u00e0 l\u2019\u00e9gard de la situation sanitaire du pays. La commission parlementaire qui devait statuer sur la loi concernant la responsabilit\u00e9 m\u00e9dicale et la situation li\u00e9e \u00e0 l\u2019infection par le virus\u00ab corona \u00bb n\u2019a pas pu se r\u00e9unir \u00e0 l\u2019heure pr\u00e9vue, par manque de\u2026d\u00e9put\u00e9s : ces messieurs n\u2019ont pas jug\u00e9 utile d\u2019\u00eatre pr\u00e9sents. Quelle grande preuve de civisme ! Quel patriotisme exemplaire ! En somme, un comportement aussi d\u00e9plorable de la part des citoyens que de leurs \u00e9lus.<\/p>\n<p class=\"c2\">Autre chose : la faiblesse des infrastructures, jusque-l\u00e0 connue de tous et occult\u00e9e dans l\u2019attente d\u2019am\u00e9liorations pr\u00e9vues dans un avenir lointain\u2026 voil\u00e0 que notre d\u00e9nuement nous rattrape de plein fouet. On exige l\u2019isolement du patient \u00e0 domicile, seul dans une chambre. Mais, combien de familles tunisiennes sont en mesure d\u2019assurer une chambre autonome \u00e0 un de leurs membres, de mani\u00e8re \u00e0 garantir un isolement ad\u00e9quat ? D\u2019autre part, si vous exigez de certains citoyens de garder la maison pendant quatorze jours, ils vous r\u00e9torqueront que s\u2019ils ne travaillent pas, leurs familles n\u2019auront pas de quoi manger. Tous ceux qui gagnent leur vie au jour le jour (ouvriers du b\u00e2timent, ou du secteur agricole) sont dans l\u2019incapacit\u00e9 mat\u00e9rielle de respecter le confinement. Dans d\u2019autres pays, cette cat\u00e9gorie de personnes est fournie en denr\u00e9es de base par les autorit\u00e9s, une prestation dont notre pays est incapable.<\/p>\n<p class=\"c2\">Venons-en aux conseils, matraqu\u00e9s par les autorit\u00e9s et les m\u00e9dias, et consistant essentiellement dans le lavage des mains et le port de masques. Commen\u00e7ons par le lavage des mains, exig\u00e9 de tous. Comment se laver les mains lorsqu\u2019il n\u2019y a pas d\u2019eau ? Allons voir des \u00e9coles \u00e0 l\u2019int\u00e9rieur du pays, pas forc\u00e9ment en rase campagne : \u00e0 Nabeul, tout comme \u00e0 Bizerte, certaines \u00e9coles n\u2019ont pas d\u2019eau potable : eau coup\u00e9e ou non disponible\u2026 Pas non plus de produits d\u00e9tergents permettant de d\u00e9sinfecter les salles de classes. Bien plus, une institutrice, interview\u00e9e, a d\u00e9plor\u00e9 le fait que ses \u00e9l\u00e8ves buvaient tous \u00e0 la m\u00eame bouteille, une bouteille qui passait de main en main. Que l\u2019institutrice d\u00e9plore l\u2019usage collectif d\u2019une bouteille d\u2019eau est tr\u00e8s curieux : dans l\u2019absolu, c\u2019est \u00e0 elle, comme aux parents, d\u2019inculquer aux enfants la n\u00e9cessit\u00e9 de ne pas partager la m\u00eame bouteille. Si elle ne l\u2019a pas fait, elle a manqu\u00e9 \u00e0 son devoir d\u2019\u00e9ducatrice ; il ne lui reste plus que la solution de facilit\u00e9 : d\u00e9noncer le f\u00e2cheux comportement qu\u2019elle n\u2019a rien fait pour interdire.<\/p>\n<p class=\"c2\">Venons-en au port de gants et de masques, souhaitables mais moins imp\u00e9ratifs que le lavage des mains. Les masques sont n\u00e9cessaires au personnel de sant\u00e9. Il semble que cela soit loin d\u2019\u00eatre garanti dans les h\u00f4pitaux p\u00e9riph\u00e9riques, et encore moins dans les centres de sant\u00e9 de base. Il y a quarante-huit heures, l\u2019h\u00f4pital de Kairouan a connu une explosion de col\u00e8re, justifi\u00e9e, de la part du personnel, exigeant de disposer de moyens de protection, en particulier de masques.<\/p>\n<p class=\"c2\">Les mesures pr\u00e9ventives devraient aussi concerner les lieux de regroupement : a\u00e9roports, centres commerciaux, moyens de transport. Le minist\u00e8re de la Sant\u00e9 a-t-il mis en place des mesures pr\u00e9ventives dans ces lieux ? Y a-t-il des gels d\u00e9sinfectants, un port de masques obligatoire pour le personnel travaillant dans ces structures ? Pas \u00e0 notre connaissance et c\u2019est regrettable. Quelques tentatives pour installer des gels d\u00e9sinfectants dans les endroits de grand passage, se seraient sold\u00e9es par le vol pur et simple des flacons de gel\u2026 Sans commentaires !<\/p>\n<p class=\"c2\">Pour l\u2019instant, le nombre de cas d\u2019infection enregistr\u00e9s dans notre pays demeure limit\u00e9, et n\u2019atteint pas le niveau de l\u2019\u00e9pid\u00e9mie. Croisons les doigts pour que cette situation ne s\u2019aggrave pas. C\u2019est que les efforts \u00e0 d\u00e9ployer en cas d\u2019infection plus \u00e9tendue, risquent de n\u00e9cessiter des moyens mat\u00e9riels et humains dont notre pays est d\u00e9pourvu. Si, malheureusement, l\u2019infection se propage, il faudra d\u00e9bourser plusieurs dizaines de millions de dinars pour assurer la r\u00e9alisation des tests diagnostiques, tout comme pour fournir aux patients et au personnel soignant les moyens ad\u00e9quats de pr\u00e9vention. Bien plus, la p\u00e9nurie de nos h\u00f4pitaux en lits de r\u00e9animation, rendrait difficile la prise en charge des malades compliqu\u00e9s, sans compter les mesures d\u2019isolement que nos h\u00f4pitaux ne sont pas en mesure de fournir : faut-il rappeler que dans la majorit\u00e9 de nos h\u00f4pitaux, y compris \u00e0 Tunis, les chambres individuelles demeurent rares et les malades sont, au mieux, \u00e0 deux dans une chambre, voire \u00e0 plusieurs\u2026<\/p>\n<p class=\"c2\">Il est toujours navrant qu\u2019une situation critique, telle celle que nous vivons, projette un \u00e9clairage cru et sans concessions sur les manques humains et mat\u00e9riels qui gr\u00e8vent le comportement des tunisiens et les infrastructures du pays. Ces carences sont un fait et exigeraient de longues ann\u00e9es pour \u00eatre r\u00e9par\u00e9es. Actuellement, nous ne pouvons que les constater et \u00ab faire avec \u00bb. C\u2019est avec nos carences que nous allons affronterune infection qui a \u00e9branl\u00e9 des pays riches et autrement mieux outill\u00e9s que nous. Il ne reste plus qu\u2019\u00e0 esp\u00e9rer que la chance soit de notre c\u00f4t\u00e9 et que l\u2019infection \u00e0 Corona soit l\u00e9g\u00e8re et br\u00e8ve \u00e0 traverser. Apr\u00e8s quoi, nous pourrons nous rendormir,oublier l\u2019incivisme de nos concitoyens, tout comme la faiblesse de nos infrastructures et retourner \u00e0 nos petites affaires\u2026 Amen!<\/p>\n<p class=\"c3\"><strong>Azza Filali<\/strong><br \/>\u00a0<\/p>\n<p>Auteur:<br \/>\n<a href=\"https:\/\/www.leaders.com.tn\/article\/29346-corona-le-virus-revelateur\">Cliquez ici pour lire l&rsquo;article depuis sa source.<\/a><\/p>\n","protected":false},"excerpt":{"rendered":"<p>Partie de Chine, l\u2019infection \u00e0 coronavirus aborde son troisi\u00e8me mois. Trois mois durant lesquels des milliers de malades sont morts, quatre-vingt-dix pays ont \u00e9t\u00e9 contamin\u00e9s, conf\u00e9rant \u00e0 l\u2019infection le statut de pand\u00e9mie. Tout cela dans l\u2019ignorance la plus totale, de la part des autorit\u00e9s sanitaires, quant au profil \u00e9volutif de ce nouveau virus et \u00e0 [&hellip;]<\/p>\n","protected":false},"author":1772,"featured_media":78987,"comment_status":"closed","ping_status":"closed","sticky":false,"template":"","format":"standard","meta":{"fifu_image_url":"","fifu_image_alt":"","footnotes":""},"categories":[73,55],"tags":[],"class_list":["post-78986","post","type-post","status-publish","format-standard","has-post-thumbnail","hentry","category-actualite","category-tunisie"],"_links":{"self":[{"href":"https:\/\/linitiative.ca\/International\/wp-json\/wp\/v2\/posts\/78986","targetHints":{"allow":["GET"]}}],"collection":[{"href":"https:\/\/linitiative.ca\/International\/wp-json\/wp\/v2\/posts"}],"about":[{"href":"https:\/\/linitiative.ca\/International\/wp-json\/wp\/v2\/types\/post"}],"author":[{"embeddable":true,"href":"https:\/\/linitiative.ca\/International\/wp-json\/wp\/v2\/users\/1772"}],"replies":[{"embeddable":true,"href":"https:\/\/linitiative.ca\/International\/wp-json\/wp\/v2\/comments?post=78986"}],"version-history":[{"count":0,"href":"https:\/\/linitiative.ca\/International\/wp-json\/wp\/v2\/posts\/78986\/revisions"}],"wp:featuredmedia":[{"embeddable":true,"href":"https:\/\/linitiative.ca\/International\/wp-json\/"}],"wp:attachment":[{"href":"https:\/\/linitiative.ca\/International\/wp-json\/wp\/v2\/media?parent=78986"}],"wp:term":[{"taxonomy":"category","embeddable":true,"href":"https:\/\/linitiative.ca\/International\/wp-json\/wp\/v2\/categories?post=78986"},{"taxonomy":"post_tag","embeddable":true,"href":"https:\/\/linitiative.ca\/International\/wp-json\/wp\/v2\/tags?post=78986"}],"curies":[{"name":"wp","href":"https:\/\/api.w.org\/{rel}","templated":true}]}}