{"id":78988,"date":"2020-03-13T07:10:00","date_gmt":"2020-03-13T11:10:00","guid":{"rendered":"https:\/\/linitiative.ca\/International\/le-chef-de-la-diplomatie-portugaise-augusto-santos-silva-ce-24-mars-a-tunis-quelles-opportunites\/"},"modified":"2020-03-13T07:10:00","modified_gmt":"2020-03-13T11:10:00","slug":"le-chef-de-la-diplomatie-portugaise-augusto-santos-silva-ce-24-mars-a-tunis-quelles-opportunites","status":"publish","type":"post","link":"https:\/\/linitiative.ca\/International\/le-chef-de-la-diplomatie-portugaise-augusto-santos-silva-ce-24-mars-a-tunis-quelles-opportunites\/","title":{"rendered":"Le chef de la diplomatie portugaise, Augusto Santos Silva, ce 24 mars \u00e0 Tunis : quelles opportunit\u00e9s"},"content":{"rendered":"<p>Comment faire passer les relations politiques et \u00e9conomiques entre la Tunisie et le Portugal \u00e0 un niveau sup\u00e9rieur, effectif\u00a0? La volont\u00e9 ne manque pas \u00e0 Tunis comme \u00e0 Lisbonne, mais la mise en \u0153uvre surtout par le secteur priv\u00e9 prend du retard, malgr\u00e9 les nouveaux m\u00e9canismes r\u00e9cemment d\u00e9ploy\u00e9s. C\u2019est pr\u00e9cis\u00e9ment pour imprimer un nouvel \u00e9lan \u00e0 ces relations que le ministre d\u2019Etat portugais, des Affaires \u00e9trang\u00e8res, Augusto Santos Silva, sera\u00a0 \u00e0 Tunis\u00a0 le 23 mars courant. Deux jours durant, il s\u2019entretiendra avec les trois pr\u00e9sidents (de la R\u00e9publique, de l\u2019ARP et du Gouvernement), ainsi qu&rsquo;avec son homologue Noureddine Erray. M. Santos Silva rencontrera \u00e9galement les dirigeants de l\u2019UTICA, de la chambre de Commerce tuniso-portugaise (pr\u00e9sid\u00e9e par Me Donia El Hedda Ellouze), du conseil d\u2019Affaires (pr\u00e9sid\u00e9 par Hichem Elloumi) et de l\u2019association d\u2019amiti\u00e9 tuniso-portugaise (pr\u00e9sid\u00e9e par Zied Tlem\u00e7ani). Il donnera \u00e9galement une conf\u00e9rence sur la transition d\u00e9mocratique, \u00e0 la tribune de l\u2019ENA.<\/p>\n<h2>Un parcours et une vision<\/h2>\n<p>Le profil du ministre d\u2019Etat, Santos Silva et le timing de sa visite ne manquent pas d\u2019int\u00e9r\u00eat. Ce journaliste, sociologue, universitaire, aligne \u00e0 63 ans, un long parcours politique. Depuis pr\u00e8s de vingt-ans, il n\u2019a cess\u00e9 d\u2019appartenir aux gouvernements successifs en tant que ministre de l\u2019Education (2000 \u2013 2001) de la Culture (2001 \u2013 2002), dans le gouvernement d\u2019Antonio Gutterres, l\u2019actuel secr\u00e9taire g\u00e9n\u00e9ral de l\u2019ONU, des Affaires parlementaires 2005 \u2013 2009), de la D\u00e9fense (2009 \u2013 2011). Depuis depuis plus de 4 ans (novembre 2015), il a \u00e9t\u00e9 nomm\u00e9 ministre Affaires \u00e9trang\u00e8res, et le voil\u00e0 maintenu \u00e0 son poste et promu, apr\u00e8s les derni\u00e8res \u00e9lections d\u2019octobre 2019, au rang de ministre d\u2019Etat. Il arrive \u00e0 Tunis aur\u00e9ol\u00e9 de cette victoire \u00e9lectorale et de cet honneur protocolaire.<\/p>\n<p>En r\u00e9servant cette grande sortie sur la rive sud de la m\u00e9diterran\u00e9e, \u00e0 l\u2019Afrique du Nord, le chef de la diplomatie portugaise entend affirmer toute l\u2019importance accord\u00e9e aux pays du Maghreb, confie \u00e0 Leaders une source inform\u00e9e \u00e0 Lisbonne. Les questions d\u2019int\u00e9r\u00eat commun ne manquent pas, ajoute-t-elle\u00a0: le voisinage avec l\u2019Europe, la migration, la sortie de crise en Libye, le terrorisme, la situation au Moyen Orient, etc. Le dialogue politique qui aura lieu \u00e0 cette occasion est important, surtout avec la position qu\u2019occupe la Tunisie en tant que membre du conseil de s\u00e9curit\u00e9 de l\u2019ONU, de sa proximit\u00e9 avec la Libye et de son ancrage europ\u00e9en. L\u2019\u00e9conomique aussi, fait partie de l\u2019agenda du ministre d\u2019Etat, souligne notre source. Des \u00e9changes de visites de ministres de l\u2019Environnement (Riadh Mouakhar, et tout r\u00e9cemment Mokhtar Hammami, du c\u00f4t\u00e9 tunisien et <a href=\"https:\/\/www.leaders.com.tn\/article\/23938-le-ministre-portugais-de-l-environnement-ce-lundi-a-tunis-accompagne-de-12-chefs-d-entreprise\">Jo\u00e3o Pedro Matos Fernandes<\/a>, en 2018, du c\u00f4t\u00e9 portugais) ont identifi\u00e9 des projets qui n\u2019attendent que concr\u00e9tisation.<\/p>\n<h2>Un moment historique, l\u2019hommage posthume du pr\u00e9sident portugais \u00e0 B\u00e9ji Ca\u00efd Essebsi<\/h2>\n<p class=\"c2\"><iframe loading=\"lazy\" src=\"https:\/\/www.youtube.com\/embed\/4bxixZGXbMc\" allow=\"accelerometer; autoplay; encrypted-media; gyroscope; picture-in-picture\" allowfullscreen=\"\" width=\"560\" height=\"315\" frameborder=\"0\">[embedded content]<\/iframe><\/p>\n<p><img decoding=\"async\" src=\"\/uploads\/FCK_files\/Pr\u00e9sident.jpg\" width=\"100%\" vspace=\"5\" hspace=\"5\" align=\"middle\" alt=\"\"\/><\/p>\n<p>Les Tunisiens ont \u00e9t\u00e9 tr\u00e8s \u00e9mus par l\u2019\u00e9loge fun\u00e8bre prononc\u00e9 le 27 juillet dernier au palais de Carthage, du pr\u00e9sident du Portugal, Marcelo Rebelo de Sousa lors des obs\u00e8ques du pr\u00e9sident B\u00e9ji Ca\u00efd Essebsi. Depuis longtemps d\u00e9j\u00e0, le pr\u00e9sident Rebelo de Sousa, \u00e9minent constitutionnaliste, avait adress\u00e9 une invitation \u00e0 BCE pour une visite d\u2019Etat \u00e0 Lisbonne. Plus encore, il voulait se rendre \u00e0 Tunis, ne serait-ce qu\u2019en tant qu\u2019universitaire, participer aux d\u00e9lib\u00e9rations de l\u2019Association tunisienne de Droit constitutionnel (ATDC, Farhat Horchani, Yadh et Rafaa Ben Achour, Ghazi Gherairi, Kais Sa\u00efed, etc.). Sans la moindre h\u00e9sitation, il viendra \u00e0 Tunis et prononcera une allocution des plus \u00e9mouvantes. \u00ab\u00a0Pr\u00e9sident Essebsi, a-t-il dit, est un Homme qui a fait l\u2019Histoire. Qui a chang\u00e9 l\u2019Histoire\u00a0!\u00a0\u00bb<\/p>\n<p class=\"c2\"><img decoding=\"async\" src=\"\/uploads\/FCK_files\/Jhinaoui-portigal.jpg\" width=\"80%\" vspace=\"5\" hspace=\"5\" align=\"middle\" alt=\"\"\/><\/p>\n<p>Quelques jours seulement auparavant, il recevait \u00e0 Lisbonne ministre tunisien des Affaires \u00e9trang\u00e8res, Khemaies Jhinaoui, <a href=\"https:\/\/www.leaders.com.tn\/article\/27542-jhinaoui-au-portugal-les-21-et-22-juillet-pour-renforcer-le-partenariat-entre-les-deux-pays\">qui effectuait les 22 et 23 juillet 2019, une visite qualifi\u00e9e de \u00ab tr\u00e8s importante\u00a0\u00bb au Portugal<\/a>, la premi\u00e8re depuis 12 ans d\u2019un chef de notre diplomatie. Cette visite s\u2019inscrit dans le nouveau sillon creus\u00e9 avec <a href=\"https:\/\/www.leaders.com.tn\/article\/23457-tunisie-portugal-une-attractivite-reciproque\">la visite \u00e0 Tunis, les 20 et 21 novembre 2017, du premier ministre portugais, Ant\u00f3nio Costa<\/a>, \u00e0 la t\u00eate d\u2019une importante d\u00e9l\u00e9gation officielle et d\u2019op\u00e9rateurs \u00e9conomiques, en c\u00e9l\u00e9bration du 60\u00e8me anniversaire de l\u2019\u00e9tablissement des relations diplomatiques entre les deux pays.<\/p>\n<p class=\"c2\"><img decoding=\"async\" src=\"\/uploads\/FCK_files\/23825995_1645142345543816_991830681075106453_o.jpg\" width=\"100%\" vspace=\"5\" hspace=\"5\" align=\"middle\" alt=\"\"\/><\/p>\n<p>Le ministre d\u2019Etat, Santos Silva arrive donc \u00e0 Tunis, au bon moment, avec l\u2019installation des nouveaux dirigeants \u00e0 Carthage, le Bardo et la Kasbah, avec un agenda charg\u00e9 et de bonnes opportunit\u00e9s \u00e0 saisir.<\/p>\n<p>Auteur:<br \/>\n<a href=\"https:\/\/www.leaders.com.tn\/article\/29347-le-chef-de-la-diplomatie-portugaise-augusto-santos-silva-ce-24-mars-a-tunis-quelles-opportunites\">Cliquez ici pour lire l&rsquo;article depuis sa source.<\/a><\/p>\n","protected":false},"excerpt":{"rendered":"<p>Comment faire passer les relations politiques et \u00e9conomiques entre la Tunisie et le Portugal \u00e0 un niveau sup\u00e9rieur, effectif\u00a0? La volont\u00e9 ne manque pas \u00e0 Tunis comme \u00e0 Lisbonne, mais la mise en \u0153uvre surtout par le secteur priv\u00e9 prend du retard, malgr\u00e9 les nouveaux m\u00e9canismes r\u00e9cemment d\u00e9ploy\u00e9s. C\u2019est pr\u00e9cis\u00e9ment pour imprimer un nouvel \u00e9lan [&hellip;]<\/p>\n","protected":false},"author":1772,"featured_media":78989,"comment_status":"closed","ping_status":"closed","sticky":false,"template":"","format":"standard","meta":{"fifu_image_url":"","fifu_image_alt":"","footnotes":""},"categories":[73,55],"tags":[],"class_list":["post-78988","post","type-post","status-publish","format-standard","has-post-thumbnail","hentry","category-actualite","category-tunisie"],"_links":{"self":[{"href":"https:\/\/linitiative.ca\/International\/wp-json\/wp\/v2\/posts\/78988","targetHints":{"allow":["GET"]}}],"collection":[{"href":"https:\/\/linitiative.ca\/International\/wp-json\/wp\/v2\/posts"}],"about":[{"href":"https:\/\/linitiative.ca\/International\/wp-json\/wp\/v2\/types\/post"}],"author":[{"embeddable":true,"href":"https:\/\/linitiative.ca\/International\/wp-json\/wp\/v2\/users\/1772"}],"replies":[{"embeddable":true,"href":"https:\/\/linitiative.ca\/International\/wp-json\/wp\/v2\/comments?post=78988"}],"version-history":[{"count":0,"href":"https:\/\/linitiative.ca\/International\/wp-json\/wp\/v2\/posts\/78988\/revisions"}],"wp:featuredmedia":[{"embeddable":true,"href":"https:\/\/linitiative.ca\/International\/wp-json\/"}],"wp:attachment":[{"href":"https:\/\/linitiative.ca\/International\/wp-json\/wp\/v2\/media?parent=78988"}],"wp:term":[{"taxonomy":"category","embeddable":true,"href":"https:\/\/linitiative.ca\/International\/wp-json\/wp\/v2\/categories?post=78988"},{"taxonomy":"post_tag","embeddable":true,"href":"https:\/\/linitiative.ca\/International\/wp-json\/wp\/v2\/tags?post=78988"}],"curies":[{"name":"wp","href":"https:\/\/api.w.org\/{rel}","templated":true}]}}