{"id":78990,"date":"2020-03-13T10:20:00","date_gmt":"2020-03-13T14:20:00","guid":{"rendered":"https:\/\/linitiative.ca\/International\/mohamed-ali-chihi-arretons-de-stigmatiser-les-tunisiens-a-letranger\/"},"modified":"2020-03-13T10:20:00","modified_gmt":"2020-03-13T14:20:00","slug":"mohamed-ali-chihi-arretons-de-stigmatiser-les-tunisiens-a-letranger","status":"publish","type":"post","link":"https:\/\/linitiative.ca\/International\/mohamed-ali-chihi-arretons-de-stigmatiser-les-tunisiens-a-letranger\/","title":{"rendered":"Mohamed Ali Chihi: Arr\u00eatons de stigmatiser les Tunisiens \u00e0 l&rsquo;\u00e9tranger"},"content":{"rendered":"<p>Maintenant que les esprits se sont calm\u00e9s, apr\u00e8s les r\u00e9centes attaques verbales \u00e0 l&rsquo;encontre des binationaux tunisiens, il est temps de mettre un terme \u00e0 cette pol\u00e9mique et rendre \u00e0 C\u00e9sar ce qui est \u00e0 C\u00e9sar et \u00e0 Dieu ce qui est \u00e0 Dieu. Pourquoi continuer \u00e0 stigmatiser nos compatriotes r\u00e9sidents \u00e0 l&rsquo;\u00e9tranger en se fondant sur des clich\u00e9s erron\u00e9s et des pr\u00e9jug\u00e9s v\u00e9hicul\u00e9s dans notre m\u00e9moire collective depuis plusieurs d\u00e9cennies. Pour quelle raison nous les accusons de tous les maux et faisons fi de leur contribution tr\u00e8s b\u00e9n\u00e9fique aux efforts de d\u00e9veloppement de notre pays. Arr\u00eatons donc de douter de leur patriotisme et de les blesser dans leur amour propre. Il est n\u00e9cessaire de chasser d\u00e9finitivement cette image n\u00e9gative des esprits et de r\u00e9habiliter nos compatriotes de l&rsquo;\u00e9tranger en les reconnaissant \u00e0 leur juste valeur. Nous devons comprendre, une fois pour toute, que les Tunisiens \u00e0 l&rsquo;\u00e9tranger sont de vrais patriotes. Qu&rsquo;ils soient musulmans, juifs ou chr\u00e9tiens, ils partagent tous un \u00e9norme amour pour La Tunisie. Faut-il rappeler, \u00e0 juste titre, que les transferts de nos concitoyens ont atteint pr\u00e8s de cinq milliards de dinars en 2017, soit \u00e0 peu pr\u00e8s cinq pour cent du PIB et repr\u00e9sentaient la quatri\u00e8me source de devises pour l&rsquo;\u00e9conomie nationale.<\/p>\n<p>Cette r\u00e9cente pol\u00e9mique \u00e0 propos de notre diaspora doit nous pousser \u00e0 repenser notre politique vis-\u00e0-vis de nos concitoyens \u00e0 l&rsquo;\u00e9tranger. Nous ne pouvons plus nous servir d&rsquo;une approche caduque qui a montr\u00e9 ses limites et ses incoh\u00e9rences. Il faut arr\u00eater de consid\u00e9rer le Tunisien de l&rsquo;\u00e9tranger comme une vache \u00e0 lait et ne voir en lui qu&rsquo;une source de devises. Il imp\u00e9ratif de renforcer nos liens avec la deuxi\u00e8me et troisi\u00e8me g\u00e9n\u00e9ration de notre diaspora et \u00e9viter les offenses par des mesures absurdes. Sinon, comment leur expliquer les tarifs exorbitants pratiqu\u00e9s par nos compagnies nationales de transport lors de la p\u00e9riode des cong\u00e9s et le co\u00fbt surr\u00e9aliste des transferts d&rsquo;argent impos\u00e9 par nos banques.<\/p>\n<p>La nouvelle approche devra \u00e9videmment prendre en compte la transmutation de notre diaspora , l&rsquo;\u00e9volution des statistiques li\u00e9s aux flux migratoires des tunisiens vers l&rsquo;\u00e9tranger et les nouvelles destinations de ces flux. En effet, le profil des cinquante mille immigr\u00e9s tunisiens qui quittent annuellement d&rsquo;une fa\u00e7on l\u00e9gale notre pays et choisissent de s&rsquo;installer ailleurs, est diff\u00e9rent du profil des premiers immigr\u00e9s partis vers la France et l&rsquo;Allemagne dans les ann\u00e9es soixante et soixante-dix.<\/p>\n<p>D&rsquo;autre part, il est primordial d&rsquo;adopter une nouvelle strat\u00e9gie pour nouer des liens avec nos comp\u00e9tences r\u00e9sidants \u00e0 l&rsquo;\u00e9tranger \u00e0 l&rsquo;effet de les impliquer davantage dans les prises de d\u00e9cisions et les choix strat\u00e9giques du pays. Ces comp\u00e9tences, dont certaines occupent des postes politiques et \u00e9conomiques tr\u00e8s importants dans leurs pays d&rsquo;accueil, peuvent jouer un r\u00f4le majeur dans la consolidation des liens de la Tunisie avec ces pays. Il est de notre devoir de les encourager et de les aider \u00e0 s&rsquo;int\u00e9grer davantage dans leurs milieux socioprofessionnels et gravir les \u00e9chelons politiques et sociaux pour qu&rsquo;ils puissent mieux contribuer \u00e0 l&rsquo;effort national de d\u00e9veloppement. Les actions li\u00e9es au lobbying moderne de notre pays au niveau international doivent reposer imp\u00e9rativement sur un r\u00f4le pr\u00e9pond\u00e9rant de nos concitoyens r\u00e9sidants \u00e0 l&rsquo;\u00e9tranger.<\/p>\n<p>L&rsquo;office des tunisiens \u00e0 l&rsquo;\u00e9tranger, qui joue un r\u00f4le important dans ce domaine, a besoin de plus de moyens pour mettre en \u0153uvre une approche plus ambitieuse en la mati\u00e8re. Il est vrai, qu&rsquo;un grand pas a \u00e9t\u00e9 franchi par la cr\u00e9ation du conseil national des tunisiens \u00e0 l&rsquo;\u00e9tranger mais le chemin est encore tr\u00e8s long. Il est temps d&rsquo;entamer une vraie d\u00e9marche collective pour arriver \u00e0 une r\u00e9conciliation d\u00e9finitive avec nos concitoyens de l&rsquo;\u00e9tranger.<\/p>\n<p class=\"c2\"><strong>Mohamed Ali Chihi<\/strong><br \/><em>Membre de l&rsquo;association Tunisian Smart Cities<br \/>Charg\u00e9 de la diplomatie citoyenne et de la diaspora<\/em><br \/>\u00a0<\/p>\n<p>Auteur:<br \/>\n<a href=\"https:\/\/www.leaders.com.tn\/article\/29348-mohamed-ali-chihi-arretons-de-stigmatiser-les-tunisiens-a-l-etranger\">Cliquez ici pour lire l&rsquo;article depuis sa source.<\/a><\/p>\n","protected":false},"excerpt":{"rendered":"<p>Maintenant que les esprits se sont calm\u00e9s, apr\u00e8s les r\u00e9centes attaques verbales \u00e0 l&rsquo;encontre des binationaux tunisiens, il est temps de mettre un terme \u00e0 cette pol\u00e9mique et rendre \u00e0 C\u00e9sar ce qui est \u00e0 C\u00e9sar et \u00e0 Dieu ce qui est \u00e0 Dieu. Pourquoi continuer \u00e0 stigmatiser nos compatriotes r\u00e9sidents \u00e0 l&rsquo;\u00e9tranger en se [&hellip;]<\/p>\n","protected":false},"author":1772,"featured_media":0,"comment_status":"closed","ping_status":"closed","sticky":false,"template":"","format":"standard","meta":{"fifu_image_url":"","fifu_image_alt":"","footnotes":""},"categories":[73,55],"tags":[],"class_list":["post-78990","post","type-post","status-publish","format-standard","hentry","category-actualite","category-tunisie"],"_links":{"self":[{"href":"https:\/\/linitiative.ca\/International\/wp-json\/wp\/v2\/posts\/78990","targetHints":{"allow":["GET"]}}],"collection":[{"href":"https:\/\/linitiative.ca\/International\/wp-json\/wp\/v2\/posts"}],"about":[{"href":"https:\/\/linitiative.ca\/International\/wp-json\/wp\/v2\/types\/post"}],"author":[{"embeddable":true,"href":"https:\/\/linitiative.ca\/International\/wp-json\/wp\/v2\/users\/1772"}],"replies":[{"embeddable":true,"href":"https:\/\/linitiative.ca\/International\/wp-json\/wp\/v2\/comments?post=78990"}],"version-history":[{"count":0,"href":"https:\/\/linitiative.ca\/International\/wp-json\/wp\/v2\/posts\/78990\/revisions"}],"wp:attachment":[{"href":"https:\/\/linitiative.ca\/International\/wp-json\/wp\/v2\/media?parent=78990"}],"wp:term":[{"taxonomy":"category","embeddable":true,"href":"https:\/\/linitiative.ca\/International\/wp-json\/wp\/v2\/categories?post=78990"},{"taxonomy":"post_tag","embeddable":true,"href":"https:\/\/linitiative.ca\/International\/wp-json\/wp\/v2\/tags?post=78990"}],"curies":[{"name":"wp","href":"https:\/\/api.w.org\/{rel}","templated":true}]}}