{"id":78991,"date":"2020-03-13T16:10:00","date_gmt":"2020-03-13T20:10:00","guid":{"rendered":"https:\/\/linitiative.ca\/International\/barrage-anti-coronavirus-et-prise-en-charge-elyes-fakhfakh-y-va-t-il-fort-et-vite\/"},"modified":"2020-03-13T16:10:00","modified_gmt":"2020-03-13T20:10:00","slug":"barrage-anti-coronavirus-et-prise-en-charge-elyes-fakhfakh-y-va-t-il-fort-et-vite","status":"publish","type":"post","link":"https:\/\/linitiative.ca\/International\/barrage-anti-coronavirus-et-prise-en-charge-elyes-fakhfakh-y-va-t-il-fort-et-vite\/","title":{"rendered":"Barrage anti-coronavirus et prise en charge : Ely\u00e8s Fakhfakh y va-t-il fort et vite ?"},"content":{"rendered":"<p>Est-ce rassurant\u00a0? Exp\u00e9ditif en 9 minutes, Ely\u00e8s Fakhfakh, a fini par annoncer vendredi soir son plan de bataille pour endiguer la propagation de pand\u00e9mie du Coronavirus. Sans pour autant r\u00e9v\u00e9ler la strat\u00e9gie de prise en charge ni des personnes en affect\u00e9es, ni les entreprises et travailleurs ind\u00e9pendants qui p\u00e2tirons de leurs cons\u00e9quences. La ligne choisie par le gouvernement est celle de la graduation de la riposte, quitte \u00e0 se contenter pour le moment d\u2019une dose minimum. Cherchant \u00e0 innover par la sc\u00e9narisation de son adresse \u00e0 la nation, Fakhfakh a choisi de mettre en fond d\u2019\u00e9cran devant une cam\u00e9ra fixe, en plan serr\u00e9, une biblioth\u00e8que, classique, avec des volumes \u00e9pars de livres, puisant dans la sagesse livresque un appui \u00e0 ses propos. Un cadre aust\u00e8re qui ne souligne pas la forte symbolique de la R\u00e9publique et d\u00e9note d\u2019une recherche encore h\u00e9sitante de ses codes de communication. Mais, c\u2019est le contenu qui int\u00e9resse plus les t\u00e9l\u00e9spectateurs.<\/p>\n<p><span class=\"c2\"><strong>Beaucoup \u00e9taient curieux de voir la version tunisienne de l\u2019allocution solennelle d\u00e9lovr\u00e9e la veille par le pr\u00e9sident Macron.\u00a0<\/strong><\/span>Mais aussi, celle encore plus ferme du pr\u00e9sident du conseil italien, Giuseppi Cont\u00e9, dimanche dernier \u00e0 3 heures du matin. Mais \u00e0 chacun son style et \u00e0 chaque pays ses choix. La strat\u00e9gie de Fakhfakh repose sur la fermeture totale ou partielle des fronti\u00e8res, l\u2019annulation des spectacles et autres \u00e9v\u00e8nementiels, le huis-clos des manifestations sportives et le prolongement des vacances scolaires jusqu\u2019\u00e0 la fin du mois.<\/p>\n<p><img decoding=\"async\" src=\"\/uploads\/FCK_files\/Elyes-1.jpg\" width=\"100%\" vspace=\"5\" hspace=\"5\" align=\"middle\" alt=\"\"\/><\/p>\n<p><span class=\"c2\"><strong>La mesure qui frappera le plus l\u2019imaginaire<\/strong><\/span> est sans doute l&rsquo;annulation des pri\u00e8res collectives dans les mosqu\u00e9es, celle du vendredi auusi ainsi que la fermeture des caf\u00e9s, restaurants et autres lieux de loisirs \u00e0 partir de 16 heures. L\u2019interdiction g\u00e9n\u00e9ralis\u00e9e de la chicha, d\u00e9cid\u00e9e parcollectives certaines municipalit\u00e9s, n\u2019a pas \u00e9t\u00e9 mentionn\u00e9e.<\/p>\n<p>C\u2019est ainsi que:<\/p>\n<ul>\n<li>Les fronti\u00e8res maritimes seront totalement ferm\u00e9es au trafic passagers (sans pr\u00e9cision pour ce qui est des marchandises)<\/li>\n<li>Le trafic a\u00e9rien sera consid\u00e9rablement r\u00e9duit avec annulation de tous les vols avec l\u2019Italie, un seul vol quotidien sur Paris, et un seul vol hebdomadaire avec quatre autres pays, \u00e0 s avoir l\u2019Egypte, l\u2019Espagne, le Royaume Uni et l\u2019Allemagne.<\/li>\n<\/ul>\n<h2>Et la prise en charge\u00a0?<\/h2>\n<p>Qu\u2019en est-il de la capacit\u00e9 d\u2019accueil des patients souffrant de difficult\u00e9s aigues de respiration et\/ou affect\u00e9s par cette pand\u00e9mie\u00a0? Silence. Connaissant la modestie des moyens disponibles des les formations hospitali\u00e8res publiques et les cliniques priv\u00e9es, c\u2019est \u00e0 craindre en cas d\u2019acc\u00e9l\u00e9ration fulgurante du nombre de malades. D\u2019autres alternatives sont \u00e0 pr\u00e9voir rapidement. L\u2019Italie a, par exemple, opt\u00e9 pour l\u2019am\u00e9nagement \u00e0 cet effet des grands halls d\u2019expositions, comme ceux de la Foire de Milan. Les dirigeants Tunisiens, pris de court, continuent \u00e0 cogiter. L\u2019essentiels, c\u2019est qu\u2019ils ne soient pas d\u00e9sempar\u00e9s face \u00e0 une catastrophe sanitaire historique qui s\u2019annonce, comme dans de nombreux pays.<\/p>\n<p>L\u2019impact \u00e9conomique et financier n\u2019a pas \u00e9t\u00e9 abord\u00e9 par Ely\u00e8s Fakhfakh. Son gouvernement a-t-il proc\u00e9d\u00e9 aux premi\u00e8res \u00e9valuation, examin\u00e9 les premi\u00e8res mesures \u00e0 adopter\u00a0? Aucune r\u00e9ponse dans son adresse aux Tunisiens, ce vendredi soir. Fermeture partielle des caf\u00e9s et lieux de restauration et de loisirs, annulation de spectacles, arr\u00eat des croisi\u00e8res et des flux maritimes, r\u00e9duction significative du trafic a\u00e9rien, ralentissement in\u00e9vitable du tourisme et des voyages et autres sinistres annonc\u00e9s\u00a0: la facture commence \u00e0, \u00eatre d\u00e9j\u00e0 lourde. L\u2019entreprise, dans son ensemble, risque-t-elle aussi d\u2019en souffrir, surtout lorsque des salari\u00e9s seront dans l\u2019obligation de se confiner \u00e0 domicile. Les travailleurs ind\u00e9pendants, artisans et petits-m\u00e9tiers n\u2019en seront pas \u00e9pargn\u00e9s. Sans aller jusqu\u2019au pire des faillites, l\u2019h\u00e9catombe financi\u00e8re est \u00e0 craindre, exigeant des mesures \u00e9nergiques, de report des imp\u00f4ts et des cotisations sociales, le r\u00e9\u00e9chelonnement des cr\u00e9ances bancaires, la compensation totale ou partielle de la perte de revenus, et la relance de l\u2019activit\u00e9 en cas de cessation.<\/p>\n<h2>Les voisins, l\u2019Europe<\/h2>\n<p>Beaucoup de pain sur la planche pour Ely\u00e8s Fakhfakh et ses co-\u00e9quipiers. \u00ab\u00a0Quoi qu\u2019il en co\u00fbtera\u00a0\u00bb, comme l\u2019avait martel\u00e9 trois fois Emmanuel Macron, il va falloir y aller. La Tunisie, seule, ne saura faire barrage \u00e0 la pand\u00e9mie. Une \u00e9troite coordination avec les pays voisins, l\u2019Alg\u00e9rie et ce qui peut op\u00e9rationnel en Libye, mais surtout avec l\u2019Europe, est salutaire. Le chef du gouvernement ne l\u2019a pas \u00e9voqu\u00e9e. Il se doit de l\u2019activer au plus vite.<\/p>\n<h2>Unit\u00e9, civisme et propret\u00e9<\/h2>\n<p>A l\u2019\u00e9preuve du pouvoir d\u00e9j\u00e0 enflamm\u00e9, voil\u00e0 le chef du gouvernement affronter l\u2019une des pires et graves crises. Aucun soutien ne doit lui faire d\u00e9faut. Pour y parer, l\u2019union des Tunisiens, le civisme, le respect des r\u00e8gles d\u2019hygi\u00e8ne et l\u2019obtemp\u00e9ration aux consignes sont de rigueur. Une grande opportunit\u00e9 cependant\u00a0: le d\u00e9ploiement d\u2019une vaste campagne de propret\u00e9, d\u2019enl\u00e8vement des ordures, de nettoyage et d\u2019hygi\u00e8ne, b\u00e9n\u00e9ficiera de l\u2019adh\u00e9sion des Tunisiens. A condition qu\u2019elle commence au sein de l\u2019Administration et des entreprises publique (dont nous d\u00e9plorons tous l\u2019\u00e9tat avanc\u00e9 d\u2019insalubrit\u00e9 \u00e0 plusieurs endroits), les r\u00e9gions et les municipalit\u00e9s, mais aussi le secteur priv\u00e9, de la petite \u00e9choppe \u00e0 la grande entreprise.<\/p>\n<p>Auteur:<br \/>\n<a href=\"https:\/\/www.leaders.com.tn\/article\/29355-barrage-anti-coronavirus-et-prise-en-charge-elyes-fakhfakh-y-va-t-il-fort-et-vite\">Cliquez ici pour lire l&rsquo;article depuis sa source.<\/a><\/p>\n","protected":false},"excerpt":{"rendered":"<p>Est-ce rassurant\u00a0? Exp\u00e9ditif en 9 minutes, Ely\u00e8s Fakhfakh, a fini par annoncer vendredi soir son plan de bataille pour endiguer la propagation de pand\u00e9mie du Coronavirus. Sans pour autant r\u00e9v\u00e9ler la strat\u00e9gie de prise en charge ni des personnes en affect\u00e9es, ni les entreprises et travailleurs ind\u00e9pendants qui p\u00e2tirons de leurs cons\u00e9quences. La ligne choisie [&hellip;]<\/p>\n","protected":false},"author":1772,"featured_media":78992,"comment_status":"closed","ping_status":"closed","sticky":false,"template":"","format":"standard","meta":{"fifu_image_url":"","fifu_image_alt":"","footnotes":""},"categories":[73,55],"tags":[],"class_list":["post-78991","post","type-post","status-publish","format-standard","has-post-thumbnail","hentry","category-actualite","category-tunisie"],"_links":{"self":[{"href":"https:\/\/linitiative.ca\/International\/wp-json\/wp\/v2\/posts\/78991","targetHints":{"allow":["GET"]}}],"collection":[{"href":"https:\/\/linitiative.ca\/International\/wp-json\/wp\/v2\/posts"}],"about":[{"href":"https:\/\/linitiative.ca\/International\/wp-json\/wp\/v2\/types\/post"}],"author":[{"embeddable":true,"href":"https:\/\/linitiative.ca\/International\/wp-json\/wp\/v2\/users\/1772"}],"replies":[{"embeddable":true,"href":"https:\/\/linitiative.ca\/International\/wp-json\/wp\/v2\/comments?post=78991"}],"version-history":[{"count":0,"href":"https:\/\/linitiative.ca\/International\/wp-json\/wp\/v2\/posts\/78991\/revisions"}],"wp:featuredmedia":[{"embeddable":true,"href":"https:\/\/linitiative.ca\/International\/wp-json\/"}],"wp:attachment":[{"href":"https:\/\/linitiative.ca\/International\/wp-json\/wp\/v2\/media?parent=78991"}],"wp:term":[{"taxonomy":"category","embeddable":true,"href":"https:\/\/linitiative.ca\/International\/wp-json\/wp\/v2\/categories?post=78991"},{"taxonomy":"post_tag","embeddable":true,"href":"https:\/\/linitiative.ca\/International\/wp-json\/wp\/v2\/tags?post=78991"}],"curies":[{"name":"wp","href":"https:\/\/api.w.org\/{rel}","templated":true}]}}