{"id":78993,"date":"2020-03-13T11:50:11","date_gmt":"2020-03-13T15:50:11","guid":{"rendered":"https:\/\/linitiative.ca\/International\/femmes-en-entreprises-saadia-slaoui-bennani\/"},"modified":"2020-03-13T11:50:11","modified_gmt":"2020-03-13T15:50:11","slug":"femmes-en-entreprises-saadia-slaoui-bennani","status":"publish","type":"post","link":"https:\/\/linitiative.ca\/International\/femmes-en-entreprises-saadia-slaoui-bennani\/","title":{"rendered":"Femmes en entreprises : Saadia Slaoui Bennani"},"content":{"rendered":"<p><strong>Des profils vari\u00e9s de 60 cavali\u00e8res de l\u2019\u00e9galit\u00e9, soigneusement s\u00e9lectionn\u00e9es par Challenge dans son dossier sp\u00e9cial journ\u00e9e de la femme. Saadia Slaoui Bennani fait partie de ces femmes au parcours exceptionnel et une carri\u00e8re entrepreneuriale r\u00e9ussie.<\/strong><\/p>\n<div class=\"c10\"\/>\n<p>Elle est une associ\u00e9e historique de Valyans Consulting qu\u2019elle a int\u00e9gr\u00e9 comme consultante senior, manager, directeur associ\u00e9 puis directeur g\u00e9n\u00e9ral d\u00e9l\u00e9gu\u00e9, avant de devenir pr\u00e9sidente-directrice g\u00e9n\u00e9rale depuis janvier 2018. Elle est accompagn\u00e9e dans ses nouvelles fonctions par un coll\u00e8ge de sept directeurs associ\u00e9s qui l\u2019assistent au sein du groupe de prestation, \u00e0 l\u2019empreinte panafricaine, \u0153uvrant dans les domaines du conseil strat\u00e9gique, du corporate finance et de l\u2019intelligence \u00e9conomique. La dipl\u00f4m\u00e9e de l\u2019ESSEC est une sp\u00e9cialiste du secteur du conseil africain.<\/p>\n<p>Saadia Slaoui Bennani compte \u00e0 son actif plusieurs projets que ce soit dans l\u2019industrie, le BTP, l\u2019\u00e9nergie ou encore la banque, et ce, depuis 17 ans. Elle pr\u00e9side \u00e9galement l\u2019Association Al Ikram-Fondation Valyans, association reconnue d\u2019utilit\u00e9 publique \u0153uvrant en faveur de l\u2019\u00e9ducation et l\u2019insertion professionnelle des populations d\u00e9favoris\u00e9es.<\/p>\n<p>Tr\u00e8s active, Saadia Slaoui Bennani a particip\u00e9 \u00e0 l\u2019\u00e9laboration de plans strat\u00e9giques de grandes entreprises et de certaines strat\u00e9gies sectorielles. Ex-pr\u00e9sidente de la Commission Strat\u00e9gie de la CGEM, elle est actuellement pr\u00e9sidente de la Commission Entreprise Responsable et Citoyenne de l\u2019organisation patronale. En d\u00e9cembre 2019, elle a \u00e9t\u00e9 nomm\u00e9e par SM le Roi Mohammed VI membre de la Commission Sp\u00e9ciale sur le Mod\u00e8le de D\u00e9veloppement.\u00a0<\/p>\n<p><img decoding=\"async\" src=\"https:\/\/www.challenge.ma\/wp-content\/uploads\/2020\/03\/1-Couverture-733--786x1024.jpg\" alt=\"\" class=\"wp-image-131513\" srcset=\"https:\/\/www.challenge.ma\/wp-content\/uploads\/2020\/03\/1-Couverture-733--786x1024.jpg 786w, https:\/\/www.challenge.ma\/wp-content\/uploads\/2020\/03\/1-Couverture-733--230x300.jpg 230w, https:\/\/www.challenge.ma\/wp-content\/uploads\/2020\/03\/1-Couverture-733--768x1000.jpg 768w, https:\/\/www.challenge.ma\/wp-content\/uploads\/2020\/03\/1-Couverture-733--360x469.jpg 360w, https:\/\/www.challenge.ma\/wp-content\/uploads\/2020\/03\/1-Couverture-733--750x977.jpg 750w, https:\/\/www.challenge.ma\/wp-content\/uploads\/2020\/03\/1-Couverture-733-.jpg 1536w\" sizes=\"(max-width: 786px) 100vw, 786px\"\/><\/p>\n<div class=\"c17\">\n<fieldset class=\"c16\">\n<legend><strong><span class=\"c11\">Challenge<\/span><span class=\"c12\">news<\/span><\/strong><\/legend>\n<div class=\"c15\">Le meilleur de Challenge s\u00e9lectionn\u00e9 par la r\u00e9daction :<\/p>\n<\/div>\n<\/fieldset>\n<\/div>\n<p>Auteur: challenge<br \/>\n<a href=\"https:\/\/www.challenge.ma\/femmes-en-entreprises-saadia-slaoui-bennani-132064\/\">Cliquez ici pour lire l&rsquo;article depuis sa source.<\/a><\/p>\n","protected":false},"excerpt":{"rendered":"<p>Des profils vari\u00e9s de 60 cavali\u00e8res de l\u2019\u00e9galit\u00e9, soigneusement s\u00e9lectionn\u00e9es par Challenge dans son dossier sp\u00e9cial journ\u00e9e de la femme. Saadia Slaoui Bennani fait partie de ces femmes au parcours exceptionnel et une carri\u00e8re entrepreneuriale r\u00e9ussie. Elle est une associ\u00e9e historique de Valyans Consulting qu\u2019elle a int\u00e9gr\u00e9 comme consultante senior, manager, directeur associ\u00e9 puis directeur [&hellip;]<\/p>\n","protected":false},"author":1787,"featured_media":78994,"comment_status":"closed","ping_status":"closed","sticky":false,"template":"","format":"standard","meta":{"fifu_image_url":"","fifu_image_alt":"","footnotes":""},"categories":[78,54],"tags":[],"class_list":["post-78993","post","type-post","status-publish","format-standard","has-post-thumbnail","hentry","category-economie","category-maroc"],"_links":{"self":[{"href":"https:\/\/linitiative.ca\/International\/wp-json\/wp\/v2\/posts\/78993","targetHints":{"allow":["GET"]}}],"collection":[{"href":"https:\/\/linitiative.ca\/International\/wp-json\/wp\/v2\/posts"}],"about":[{"href":"https:\/\/linitiative.ca\/International\/wp-json\/wp\/v2\/types\/post"}],"author":[{"embeddable":true,"href":"https:\/\/linitiative.ca\/International\/wp-json\/wp\/v2\/users\/1787"}],"replies":[{"embeddable":true,"href":"https:\/\/linitiative.ca\/International\/wp-json\/wp\/v2\/comments?post=78993"}],"version-history":[{"count":0,"href":"https:\/\/linitiative.ca\/International\/wp-json\/wp\/v2\/posts\/78993\/revisions"}],"wp:featuredmedia":[{"embeddable":true,"href":"https:\/\/linitiative.ca\/International\/wp-json\/"}],"wp:attachment":[{"href":"https:\/\/linitiative.ca\/International\/wp-json\/wp\/v2\/media?parent=78993"}],"wp:term":[{"taxonomy":"category","embeddable":true,"href":"https:\/\/linitiative.ca\/International\/wp-json\/wp\/v2\/categories?post=78993"},{"taxonomy":"post_tag","embeddable":true,"href":"https:\/\/linitiative.ca\/International\/wp-json\/wp\/v2\/tags?post=78993"}],"curies":[{"name":"wp","href":"https:\/\/api.w.org\/{rel}","templated":true}]}}