{"id":78995,"date":"2020-03-13T12:52:30","date_gmt":"2020-03-13T16:52:30","guid":{"rendered":"https:\/\/linitiative.ca\/International\/coronavirus-fermeture-des-etablissements-scolaires-a-compter-de-ce-lundi\/"},"modified":"2020-03-13T12:52:30","modified_gmt":"2020-03-13T16:52:30","slug":"coronavirus-fermeture-des-etablissements-scolaires-a-compter-de-ce-lundi","status":"publish","type":"post","link":"https:\/\/linitiative.ca\/International\/coronavirus-fermeture-des-etablissements-scolaires-a-compter-de-ce-lundi\/","title":{"rendered":"Coronavirus : Fermeture des \u00e9tablissements scolaires \u00e0 compter de ce lundi"},"content":{"rendered":"<p><strong>Le minist\u00e8re de l\u2019Education nationale annonce la suspension de tous les cours, des jardins d\u2019enfants jusqu\u2019\u00e0 l\u2019enseignement sup\u00e9rieur \u00e0 compter du lundi 16 mars 2020, selon un communiqu\u00e9 publi\u00e9 en fin journ\u00e9e, ce vendredi 13 mars 2020, .<\/strong><\/p>\n<div class=\"c10\"\/>\n<p>Les cours sont arr\u00eat\u00e9s jusqu\u2019\u00e0 nouvel ordre, dans le cadre de la lutte contre la propagation \u00e9ventuelle du virus, annonce un communiqu\u00e9 du minist\u00e8re.<\/p>\n<p>Cette d\u00e9cision concerne tous les \u00e9tablissements, maternelle, jardins d\u2019enfants, pr\u00e9scolaire, primaire, secondaire, coll\u00e9gial, sup\u00e9rieur, priv\u00e9 ou public, g\u00e9n\u00e9ral ou de formation professionnelle.<\/p>\n<p>Il ne s\u2019agit pas de vacances scolaires exceptionnelles, ajoute-t-on de m\u00eame source. Des cours \u00e0 distance seront mis en place pour permettre aux \u00e9l\u00e8ves de suivre de chez eux les cours pr\u00e9vus. Le minist\u00e8re insiste sur la continuit\u00e9 p\u00e9dagogique. Des packs p\u00e9dagogiques devront \u00eatre cr\u00e9\u00e9s sp\u00e9cialement par les cadres et le corps enseignant.<\/p>\n<p>La d\u00e9cision de suspension des cours repr\u00e9sente une mesure pr\u00e9ventive visant \u00e0 prot\u00e9ger la sant\u00e9 des \u00e9l\u00e8ves, des stagiaires, des \u00e9tudiants, des cadres administratifs et p\u00e9dagogiques exer\u00e7ant dans les \u00e9tablissements d\u2019enseignement et tous les citoyens, l\u2019objectif ultime \u00e9tant de lutter contre la propagation du virus Corona, d\u00e9clar\u00e9 comme une \u00ab\u00a0pand\u00e9mie\u00a0\u00bb d\u2019envergure mondiale par l\u2019OMS.<\/p>\n<p>\u00ab\u00a0Dans le souci de contribuer \u00e0 faire face \u00e0 cette situation exceptionnelle, les cadres p\u00e9dagogiques et administratifs sont appel\u00e9s \u00e0 s\u2019investir efficacement dans la mise en \u0153uvre des mesures \u00e0 prendre en vue de garantir la continuit\u00e9 des cours en mettant \u00e0 disposition suffisamment de ressources num\u00e9riques et audiovisuelles et de kits didactiques pour les besoins d\u2019un enseignement et d\u2019une formation \u00e0 distance en faveur des apprenants\u00a0\u00bb, souligne-t-on de m\u00eame source.<\/p>\n<p>Le minist\u00e8re assure qu\u2019il veillera \u00e0 informer la famille de l\u2019\u00e9ducation, de la formation et de la recherche scientifique ainsi que les apprenants, leurs parents et les citoyens, de tous les d\u00e9veloppements qui surviennent dans cette conjoncture exceptionnelle via tous les canaux disponibles.<\/p>\n<p>A noter que la d\u00e9cision du minist\u00e8re de suspendre les cours concerne aussi les missions \u00e9trang\u00e8res au Maroc.<\/p>\n<div class=\"c17\">\n<fieldset class=\"c16\">\n<legend><strong><span class=\"c11\">Challenge<\/span><span class=\"c12\">news<\/span><\/strong><\/legend>\n<div class=\"c15\">Le meilleur de Challenge s\u00e9lectionn\u00e9 par la r\u00e9daction :<\/p>\n<\/div>\n<\/fieldset>\n<\/div>\n<p>Auteur: challenge<br \/>\n<a href=\"https:\/\/www.challenge.ma\/coronavirus-fermetures-des-etablissements-scolaires-a-compter-de-ce-lundi-132166\/\">Cliquez ici pour lire l&rsquo;article depuis sa source.<\/a><\/p>\n","protected":false},"excerpt":{"rendered":"<p>Le minist\u00e8re de l\u2019Education nationale annonce la suspension de tous les cours, des jardins d\u2019enfants jusqu\u2019\u00e0 l\u2019enseignement sup\u00e9rieur \u00e0 compter du lundi 16 mars 2020, selon un communiqu\u00e9 publi\u00e9 en fin journ\u00e9e, ce vendredi 13 mars 2020, . Les cours sont arr\u00eat\u00e9s jusqu\u2019\u00e0 nouvel ordre, dans le cadre de la lutte contre la propagation \u00e9ventuelle [&hellip;]<\/p>\n","protected":false},"author":1787,"featured_media":0,"comment_status":"closed","ping_status":"closed","sticky":false,"template":"","format":"standard","meta":{"fifu_image_url":"","fifu_image_alt":"","footnotes":""},"categories":[78,54],"tags":[],"class_list":["post-78995","post","type-post","status-publish","format-standard","hentry","category-economie","category-maroc"],"_links":{"self":[{"href":"https:\/\/linitiative.ca\/International\/wp-json\/wp\/v2\/posts\/78995","targetHints":{"allow":["GET"]}}],"collection":[{"href":"https:\/\/linitiative.ca\/International\/wp-json\/wp\/v2\/posts"}],"about":[{"href":"https:\/\/linitiative.ca\/International\/wp-json\/wp\/v2\/types\/post"}],"author":[{"embeddable":true,"href":"https:\/\/linitiative.ca\/International\/wp-json\/wp\/v2\/users\/1787"}],"replies":[{"embeddable":true,"href":"https:\/\/linitiative.ca\/International\/wp-json\/wp\/v2\/comments?post=78995"}],"version-history":[{"count":0,"href":"https:\/\/linitiative.ca\/International\/wp-json\/wp\/v2\/posts\/78995\/revisions"}],"wp:attachment":[{"href":"https:\/\/linitiative.ca\/International\/wp-json\/wp\/v2\/media?parent=78995"}],"wp:term":[{"taxonomy":"category","embeddable":true,"href":"https:\/\/linitiative.ca\/International\/wp-json\/wp\/v2\/categories?post=78995"},{"taxonomy":"post_tag","embeddable":true,"href":"https:\/\/linitiative.ca\/International\/wp-json\/wp\/v2\/tags?post=78995"}],"curies":[{"name":"wp","href":"https:\/\/api.w.org\/{rel}","templated":true}]}}